{"id":12137,"date":"2025-05-13T03:04:54","date_gmt":"2025-05-13T03:04:54","guid":{"rendered":"https:\/\/infozamoraec.com\/?p=12137"},"modified":"2025-05-13T03:14:20","modified_gmt":"2025-05-13T03:14:20","slug":"ejercito-abate-al-lider-del-grupo-que-asesino-a-11-militares","status":"publish","type":"post","link":"https:\/\/infozamoraec.com\/index.php\/2025\/05\/13\/ejercito-abate-al-lider-del-grupo-que-asesino-a-11-militares\/","title":{"rendered":"Ej\u00e9rcito abate al l\u00edder del grupo que asesin\u00f3 a 11 militares"},"content":{"rendered":"<p>El\u00a0<strong>hombre armado que fue abatido el viernes por las Fuerzas Armadas de Ecuador tras\u00a0<a title=\"una emboscada en la Amazon\u00eda en la que once militares fueron asesinados\" href=\"https:\/\/www.larepublica.ec\/blog\/2025\/05\/09\/ocho-militares-de-la-brigada-de-selva-napo-mueren-emboscados-por-un-grupo-disidente-de-las-farc\/\" target=\"_blank\" rel=\"noopener\">una emboscada en la Amazon\u00eda en la que once militares fueron asesinados<\/a><\/strong>\u00a0por presuntos miembros del\u00a0<strong>Comandos de la Frontera<\/strong>, grupo disidente de la otrora guerrilla de las Fuerzas Armadas Revolucionarias de Colombia (FARC),\u00a0<strong>era el \u00abcomandante\u00bb del grupo en el pa\u00eds<\/strong>, asegur\u00f3 este lunes el\u00a0<strong><a title=\"Ej\u00e9rcito\" href=\"https:\/\/x.com\/EjercitoECU\" target=\"_blank\" rel=\"noopener\">Ej\u00e9rcito<\/a><\/strong>.<\/p>\n<p><strong>\u00abA trav\u00e9s del intercambio de informaci\u00f3n con las agencias de inteligencia y seguridad del vecino pa\u00eds de Colombia se confirm\u00f3 que el guerrillero neutralizado respond\u00eda al alias de \u2018Compadre\u2019, quien se desempe\u00f1aba como comandante de los Comandos de la Frontera en Ecuador\u00bb<\/strong>, escribi\u00f3 la instituci\u00f3n en su cuenta de la red social X.<\/p>\n<p>La fuerza terrestre se\u00f1al\u00f3 que el hombre era el supuesto responsable del control de actividades il\u00edcitas de miner\u00eda ilegal en Ecuador,\u00a0<strong>\u00abas\u00ed como del cobro de extorsiones, conocidas como vacunas, a los mineros que operan en la regi\u00f3n\u00bb<\/strong>.<\/p>\n<p>Seg\u00fan las investigaciones,\u00a0<strong>\u2018Compadre\u2019 manten\u00eda una alianza con el grupo criminal ecuatoriano Los Lobos<\/strong>, que tambi\u00e9n opera en otras zonas donde se registra miner\u00eda ilegal del pa\u00eds,\u00a0<strong>\u00aby estaba al mando de al menos 30 guerrilleros fuertemente armados con fusiles calibre 5.56 mil\u00edmetros, lanzagranadas, explosivos y otros equipos de combate avanzados\u00bb<\/strong>.<\/p>\n<h2 class=\"wp-block-heading\">Drones y vigilancia a\u00e9rea<\/h2>\n<p>La instituci\u00f3n militar tambi\u00e9n se\u00f1al\u00f3 que\u00a0<strong>este grupo dispon\u00eda de equipos de comunicaci\u00f3n y drones para realizar vigilancias a\u00e9reas y monitorear el avance del personal del Ej\u00e9rcito<\/strong>.<\/p>\n<p><strong>Los once soldados fueron asesinados el viernes cuando realizaban un operativo contra la miner\u00eda ilegal<\/strong>, tras una emboscada que el Ej\u00e9rcito de Ecuador atribuye a los Comandos de la Frontera, que neg\u00f3 su participaci\u00f3n, seg\u00fan un comunicado difundido en Colombia.<\/p>\n<p><strong>El enfrentamiento se registr\u00f3 en el sector llamado Alto Punino<\/strong>, una zona situada en la cuenca alta del r\u00edo Punino donde ha proliferado en los \u00faltimos a\u00f1os los\u00a0<strong>campamentos de mineros ilegales de oro que se encuentran en el l\u00edmite provincial entre las amaz\u00f3nicas Napo y Orellana<\/strong>, separadas de Colombia por la provincia de Sucumb\u00edos.<\/p>\n<p>A varios puntos de este sector llegaron en helic\u00f3pteros\u00a0<strong>cuatro equipos de combate conformados por 80 militares de la Brigada de Selva 19 Napo y uno de los equipos fue emboscado con explosivos, granadas y fusiles<\/strong>.<\/p>\n<p>Tras la masacre, las Fuerzas Armadas investigan una\u00a0<strong>posible filtraci\u00f3n de informaci\u00f3n de las operaciones en la zona por parte de militares hacia miembros de Comandos de la Frontera y Los Lobos<\/strong>.<\/p>\n<h2 class=\"wp-block-heading\">Filtraci\u00f3n de informaci\u00f3n a los delincuentes<\/h2>\n<p>Henry Delgado, comandante general del Ej\u00e9rcito, dijo que estas organizaciones tienen \u00abpoder econ\u00f3mico\u00bb con el que\u00a0<strong>\u00abpodr\u00edan posiblemente doblegar el esp\u00edritu de un soldado\u00bb<\/strong>, pero que ser\u00e1n las investigaciones internas las que determinen si pueden \u00abafirmar o negar aquella suposici\u00f3n\u00bb.<\/p>\n<p>Delgado viaj\u00f3 este lunes hasta la zona donde est\u00e1 la brigada a la que pertenec\u00edan los militares asesinados para supervisar las operaciones t\u00e9cnicas, t\u00e1cticas y procedimientos orientados a restaurar el control del territorio, en la frontera norte.<\/p>\n<p>Hasta ese lugar tambi\u00e9n se han desplazado\u00a0<strong>m\u00e1s de 1.500 militares de fuerzas especiales, unidades de Inteligencia y unidades contraterroristas que reforzar\u00e1n la brigada<\/strong>, quienes tienen la misi\u00f3n de\u00a0<strong>\u00ablocalizar y neutralizar al grupo criminal\u00bb<\/strong>\u00a0que asesin\u00f3 a los once soldados, seg\u00fan informaci\u00f3n del Ministerio de Defensa.<\/p>\n<p>La cartera de Estado a\u00f1adi\u00f3 que se realiz\u00f3 un cerco t\u00e1ctico del \u00e1rea y otras operaciones de reconocimiento ofensivo y rastreo territorial, y que adem\u00e1s se fortaleci\u00f3 la vigilancia a\u00e9rea con helic\u00f3pteros y drones.<\/p>\n<p>En febrero del a\u00f1o pasado, otro enfrentamiento similar en la misma zona dej\u00f3 un muerto y dos detenidos, todos de nacionalidad colombiana, despu\u00e9s de que una patrulla militar del Ej\u00e9rcito descubriera un campamento de este grupo en el sector de Alto Punino. EFE<\/p>\n","protected":false},"excerpt":{"rendered":"<p>El\u00a0hombre armado que fue abatido el viernes por las Fuerzas Armadas de Ecuador tras\u00a0una emboscada en la Amazon\u00eda en la que once militares fueron asesinados\u00a0por presuntos miembros del\u00a0Comandos de la Frontera, grupo disidente de la otrora guerrilla de las Fuerzas Armadas Revolucionarias de Colombia (FARC),\u00a0era el \u00abcomandante\u00bb del grupo en el pa\u00eds, asegur\u00f3 este lunes [&hellip;]<\/p>\n","protected":false},"author":1,"featured_media":12138,"comment_status":"open","ping_status":"open","sticky":false,"template":"","format":"standard","meta":{"footnotes":""},"categories":[12],"tags":[],"_links":{"self":[{"href":"https:\/\/infozamoraec.com\/index.php\/wp-json\/wp\/v2\/posts\/12137"}],"collection":[{"href":"https:\/\/infozamoraec.com\/index.php\/wp-json\/wp\/v2\/posts"}],"about":[{"href":"https:\/\/infozamoraec.com\/index.php\/wp-json\/wp\/v2\/types\/post"}],"author":[{"embeddable":true,"href":"https:\/\/infozamoraec.com\/index.php\/wp-json\/wp\/v2\/users\/1"}],"replies":[{"embeddable":true,"href":"https:\/\/infozamoraec.com\/index.php\/wp-json\/wp\/v2\/comments?post=12137"}],"version-history":[{"count":1,"href":"https:\/\/infozamoraec.com\/index.php\/wp-json\/wp\/v2\/posts\/12137\/revisions"}],"predecessor-version":[{"id":12139,"href":"https:\/\/infozamoraec.com\/index.php\/wp-json\/wp\/v2\/posts\/12137\/revisions\/12139"}],"wp:featuredmedia":[{"embeddable":true,"href":"https:\/\/infozamoraec.com\/index.php\/wp-json\/wp\/v2\/media\/12138"}],"wp:attachment":[{"href":"https:\/\/infozamoraec.com\/index.php\/wp-json\/wp\/v2\/media?parent=12137"}],"wp:term":[{"taxonomy":"category","embeddable":true,"href":"https:\/\/infozamoraec.com\/index.php\/wp-json\/wp\/v2\/categories?post=12137"},{"taxonomy":"post_tag","embeddable":true,"href":"https:\/\/infozamoraec.com\/index.php\/wp-json\/wp\/v2\/tags?post=12137"}],"curies":[{"name":"wp","href":"https:\/\/api.w.org\/{rel}","templated":true}]}}