{"id":12097,"date":"2025-05-10T00:29:35","date_gmt":"2025-05-10T00:29:35","guid":{"rendered":"https:\/\/infozamoraec.com\/?p=12097"},"modified":"2025-05-10T00:29:35","modified_gmt":"2025-05-10T00:29:35","slug":"noboa-culmina-su-gira-mas-larga-enfocada-en-atraer-inversiones-y-seguridad-a-ecuador","status":"publish","type":"post","link":"https:\/\/infozamoraec.com\/index.php\/2025\/05\/10\/noboa-culmina-su-gira-mas-larga-enfocada-en-atraer-inversiones-y-seguridad-a-ecuador\/","title":{"rendered":"Noboa culmina su gira m\u00e1s larga, enfocada en atraer inversiones y seguridad a Ecuador"},"content":{"rendered":"<p>El presidente de Ecuador,\u00a0<strong>Daniel Noboa<\/strong>, culmina este viernes su gira internacional m\u00e1s larga desde que ocupa el cargo, al haber visitado\u00a0<strong>seis pa\u00edses en quince d\u00edas antes de iniciar el pr\u00f3ximo 24 de mayo el nuevo mandato para el que fue reelecto hasta 2029<\/strong>.<\/p>\n<p>El recorrido de Noboa por Europa y Oriente Medio se enfoc\u00f3 principalmente en\u00a0<strong>atraer inversiones\u00a0<\/strong>hacia el pa\u00eds andino con miras estos pr\u00f3ximos cuatro a\u00f1os que estar\u00e1 en el poder en lograr\u00a0<strong>nuevos acuerdos de cooperaci\u00f3n en materia de seguridad para enfrentar el \u00abconflicto armado interno\u00bb<\/strong>\u00a0que en 2024 le declar\u00f3 a las bandas del crimen organizado, a las que pas\u00f3 a llamar \u00abterroristas\u00bb.<\/p>\n<p>El mandatario ecuatoriano viaj\u00f3 acompa\u00f1ado de un nutrido grupo de sus ministros, entre ellos las ministras de Relaciones Exteriores, Gabriela Sommerfeld; de Econom\u00eda y Finanzas, Sariha Moya, y de Energ\u00eda y Minas, In\u00e9s Manzano.<\/p>\n<p>Noboa inici\u00f3 su viaje en El Vaticano para asistir al funeral del\u00a0<strong>papa Francisco<\/strong>, y despu\u00e9s visit\u00f3\u00a0<strong>Espa\u00f1a, Emiratos \u00c1rabes Unidos, Israel, Reino Unido y Francia<\/strong>, donde mantuvo reuniones con los jefes de Estado de cada pa\u00eds, adem\u00e1s de encuentros con empresarios y fondos de inversi\u00f3n.<\/p>\n","protected":false},"excerpt":{"rendered":"<p>El presidente de Ecuador,\u00a0Daniel Noboa, culmina este viernes su gira internacional m\u00e1s larga desde que ocupa el cargo, al haber visitado\u00a0seis pa\u00edses en quince d\u00edas antes de iniciar el pr\u00f3ximo 24 de mayo el nuevo mandato para el que fue reelecto hasta 2029. El recorrido de Noboa por Europa y Oriente Medio se enfoc\u00f3 principalmente [&hellip;]<\/p>\n","protected":false},"author":1,"featured_media":12098,"comment_status":"open","ping_status":"open","sticky":false,"template":"","format":"standard","meta":{"footnotes":""},"categories":[12],"tags":[],"_links":{"self":[{"href":"https:\/\/infozamoraec.com\/index.php\/wp-json\/wp\/v2\/posts\/12097"}],"collection":[{"href":"https:\/\/infozamoraec.com\/index.php\/wp-json\/wp\/v2\/posts"}],"about":[{"href":"https:\/\/infozamoraec.com\/index.php\/wp-json\/wp\/v2\/types\/post"}],"author":[{"embeddable":true,"href":"https:\/\/infozamoraec.com\/index.php\/wp-json\/wp\/v2\/users\/1"}],"replies":[{"embeddable":true,"href":"https:\/\/infozamoraec.com\/index.php\/wp-json\/wp\/v2\/comments?post=12097"}],"version-history":[{"count":1,"href":"https:\/\/infozamoraec.com\/index.php\/wp-json\/wp\/v2\/posts\/12097\/revisions"}],"predecessor-version":[{"id":12099,"href":"https:\/\/infozamoraec.com\/index.php\/wp-json\/wp\/v2\/posts\/12097\/revisions\/12099"}],"wp:featuredmedia":[{"embeddable":true,"href":"https:\/\/infozamoraec.com\/index.php\/wp-json\/wp\/v2\/media\/12098"}],"wp:attachment":[{"href":"https:\/\/infozamoraec.com\/index.php\/wp-json\/wp\/v2\/media?parent=12097"}],"wp:term":[{"taxonomy":"category","embeddable":true,"href":"https:\/\/infozamoraec.com\/index.php\/wp-json\/wp\/v2\/categories?post=12097"},{"taxonomy":"post_tag","embeddable":true,"href":"https:\/\/infozamoraec.com\/index.php\/wp-json\/wp\/v2\/tags?post=12097"}],"curies":[{"name":"wp","href":"https:\/\/api.w.org\/{rel}","templated":true}]}}