{"id":12084,"date":"2025-05-10T00:03:23","date_gmt":"2025-05-10T00:03:23","guid":{"rendered":"https:\/\/infozamoraec.com\/?p=12084"},"modified":"2025-05-10T00:03:23","modified_gmt":"2025-05-10T00:03:23","slug":"prefectura-lleva-adelante-campana-de-sensibilizacion-con-enfoque-de-genero","status":"publish","type":"post","link":"https:\/\/infozamoraec.com\/index.php\/2025\/05\/10\/prefectura-lleva-adelante-campana-de-sensibilizacion-con-enfoque-de-genero\/","title":{"rendered":"Prefectura lleva adelante campa\u00f1a de sensibilizaci\u00f3n con enfoque de g\u00e9nero"},"content":{"rendered":"<p style=\"font-weight: 400;\">Desde direcci\u00f3n de Inclusi\u00f3n Social de la Prefectura de Zamora Chinchipe a trav\u00e9s del proyecto\u00a0<strong>\u201cFortalecimiento de los Sistemas de Protecci\u00f3n de Igualdad en los grupos de atenci\u00f3n prioritaria\u201d,<\/strong>\u00a0se viene desarrollando una jornada de capacitaci\u00f3n con enfoque de g\u00e9nero y prevenci\u00f3n de las violencias, dando prioridad a las zonas rurales m\u00e1s alejadas de la provincia.<\/p>\n<p style=\"font-weight: 400;\">Durante el primer encuentro de mujeres organizado por la Federaci\u00f3n Provincial de la Nacionalidad Shuar FEPNASHZCH, se dict\u00f3 un taller en Yayu del Alto Nangaritza, con la tem\u00e1tica\u00a0<strong>\u201cG\u00e9nero y Liderazgo\u201d,<\/strong>\u00a0del cual participaron m\u00e1s de 20 mujeres, entre ellas, lideresas de las cuatro asociaciones de base, Tayunts, El Pangui, Nankais y Muranunka.<\/p>\n<p style=\"font-weight: 400;\">Juliana M\u00e1rquez, coordinadora de proyecto de la Prefectura, indic\u00f3 que, al momento, ya son m\u00e1s de 100 personas beneficiadas de estas capacitaciones en Chito, El Chorro, El Guismi, Sabanilla y Yayu. Adem\u00e1s, resalt\u00f3 que este trabajo se realiza en coordinaci\u00f3n con los Gobiernos Parroquiales.\u00a0<strong>\u201cEl objetivo propuesto es llegar a todos los cantones hasta el mes de diciembre\u201d,<\/strong>\u00a0inform\u00f3.<\/p>\n<p style=\"font-weight: 400;\">Por su parte Nelly Tando, dirigente de la mujer de la FEPNASZCH, sostuvo que el objetivo de coincidir con esta capacitaci\u00f3n, es alcanzar a brindar estos conocimientos a m\u00e1s mujeres de las organizaciones,\u00a0<strong>\u201cagradezco a la Prefectura liderada por una mujer que se ha empoderado con estos temas y sigan alzando la voz por una sociedad m\u00e1s justa e igualitaria\u201d.<\/strong><\/p>\n<p style=\"font-weight: 400;\">Asimismo, Mercedes Obando, capacitadora del proyecto social coment\u00f3 que sus charlas se basan en sensibilizar con base en los derechos que tienen las personas inmersas en los grupos de atenci\u00f3n prioritaria (ni\u00f1os, ni\u00f1as, madres, personas con discapacidad, tercera edad).\u00a0<strong>\u201cDesde que iniciamos los talleres, se ha visto el inter\u00e9s por conocer m\u00e1s fondo estos temas, como persona, como mujer y madre de familia, me voy con la satisfacci\u00f3n de estar cumpliendo y de hacerles entender que sus derechos tambi\u00e9n van de la mano con una serie de responsabilidades\u201d,<\/strong>\u00a0finaliz\u00f3.<\/p>\n<p style=\"font-weight: 400;\"><strong>Dato:<\/strong><\/p>\n<p style=\"font-weight: 400;\">Las capacitaciones seguir\u00e1n la siguiente semana: 12 de mayo en Nuevo Quito (Paquisha) y martes 13 de mayo en Panguintza (Centinela del C\u00f3ndor)<\/p>\n<p style=\"font-weight: 400;\">\n","protected":false},"excerpt":{"rendered":"<p>Desde direcci\u00f3n de Inclusi\u00f3n Social de la Prefectura de Zamora Chinchipe a trav\u00e9s del proyecto\u00a0\u201cFortalecimiento de los Sistemas de Protecci\u00f3n de Igualdad en los grupos de atenci\u00f3n prioritaria\u201d,\u00a0se viene desarrollando una jornada de capacitaci\u00f3n con enfoque de g\u00e9nero y prevenci\u00f3n de las violencias, dando prioridad a las zonas rurales m\u00e1s alejadas de la provincia. Durante [&hellip;]<\/p>\n","protected":false},"author":1,"featured_media":12085,"comment_status":"open","ping_status":"open","sticky":false,"template":"","format":"standard","meta":{"footnotes":""},"categories":[9],"tags":[],"_links":{"self":[{"href":"https:\/\/infozamoraec.com\/index.php\/wp-json\/wp\/v2\/posts\/12084"}],"collection":[{"href":"https:\/\/infozamoraec.com\/index.php\/wp-json\/wp\/v2\/posts"}],"about":[{"href":"https:\/\/infozamoraec.com\/index.php\/wp-json\/wp\/v2\/types\/post"}],"author":[{"embeddable":true,"href":"https:\/\/infozamoraec.com\/index.php\/wp-json\/wp\/v2\/users\/1"}],"replies":[{"embeddable":true,"href":"https:\/\/infozamoraec.com\/index.php\/wp-json\/wp\/v2\/comments?post=12084"}],"version-history":[{"count":2,"href":"https:\/\/infozamoraec.com\/index.php\/wp-json\/wp\/v2\/posts\/12084\/revisions"}],"predecessor-version":[{"id":12087,"href":"https:\/\/infozamoraec.com\/index.php\/wp-json\/wp\/v2\/posts\/12084\/revisions\/12087"}],"wp:featuredmedia":[{"embeddable":true,"href":"https:\/\/infozamoraec.com\/index.php\/wp-json\/wp\/v2\/media\/12085"}],"wp:attachment":[{"href":"https:\/\/infozamoraec.com\/index.php\/wp-json\/wp\/v2\/media?parent=12084"}],"wp:term":[{"taxonomy":"category","embeddable":true,"href":"https:\/\/infozamoraec.com\/index.php\/wp-json\/wp\/v2\/categories?post=12084"},{"taxonomy":"post_tag","embeddable":true,"href":"https:\/\/infozamoraec.com\/index.php\/wp-json\/wp\/v2\/tags?post=12084"}],"curies":[{"name":"wp","href":"https:\/\/api.w.org\/{rel}","templated":true}]}}