{"id":12068,"date":"2025-05-09T01:29:13","date_gmt":"2025-05-09T01:29:13","guid":{"rendered":"https:\/\/infozamoraec.com\/?p=12068"},"modified":"2025-05-09T01:36:54","modified_gmt":"2025-05-09T01:36:54","slug":"yaku-perez-criticado-en-x-ante-comentario-sobre-eleccion-del-nuevo-papa","status":"publish","type":"post","link":"https:\/\/infozamoraec.com\/index.php\/2025\/05\/09\/yaku-perez-criticado-en-x-ante-comentario-sobre-eleccion-del-nuevo-papa\/","title":{"rendered":"Yaku P\u00e9rez, criticado en X ante comentario sobre elecci\u00f3n del nuevo papa"},"content":{"rendered":"<p>Apenas se anunci\u00f3 el tradicional\u00a0<strong>habemus papam<\/strong>, en referencia al nuevo l\u00edder de la\u00a0<strong>Iglesia Cat\u00f3lica<\/strong>\u00a0\u2014 al momento del post se desconoc\u00eda que se trataba del\u00a0<strong>papa Le\u00f3n XIV<\/strong>\u2014,\u00a0<strong>Yaku P\u00e9rez<\/strong>, excandidato a la\u00a0<strong>Presidencia del Ecuador\u00a0<\/strong>y a la\u00a0<strong>Asamblea Nacional<\/strong>, escribi\u00f3 un comentario en la<strong>\u00a0red social X<\/strong>\u00a0que no tard\u00f3 en convertirse en tendencia.<\/p>\n<p>En su cuenta oficial, Yaku escribi\u00f3:\u00a0\u201c<strong>Humo blanco, medio racista el t\u00e9rmino<\/strong>. Ojal\u00e1 sea un Papa del \u00c1frica o la periferia que deseurocentrice el poder colonial de la iglesia en tiempos tumultuosos que sofoca a la humanidad. Habemus papam\u201d.<\/p>\n<p>La publicaci\u00f3n fue recibida con una ola de reacciones negativas. Usuarios cuestionaron la interpretaci\u00f3n del exprefecto del\u00a0<strong>Azuay<\/strong>, se\u00f1alando que su comentario denotaba ignorancia m\u00e1s que sensibilidad pol\u00edtica o hist\u00f3rica.<\/p>\n<p>Uno de los primeros en reaccionar fue el abogado y activista\u00a0<strong>Felipe Rodr\u00edguez Moreno<\/strong>\u00a0(@FRM87), quien refut\u00f3 la acusaci\u00f3n de racismo al se\u00f1alar el verdadero origen del simbolismo del \u00abhumo blanco\u00bb:<\/p>\n<p>\u201c<strong>En la tradici\u00f3n cat\u00f3lica el blanco simboliza la luz o pureza, y el negro el luto<\/strong>. [\u2026] Nada tiene que ver con colores de piel o con razas. La simbolog\u00eda religiosa depende de su historia, la cual te recomiendo estudiarla\u201d, redact\u00f3 en X.<\/p>\n<p>Rodr\u00edguez fue m\u00e1s all\u00e1 en su cr\u00edtica, acusando a P\u00e9rez de convertir su ignorancia en odio:\u00a0\u201cYo s\u00e9 que la ideolog\u00eda es paralizante. Pero te tengo grandes noticias:\u00a0<strong>el fanatismo y los complejos no son incurables, se curan leyendo<\/strong>\u201d.<\/p>\n","protected":false},"excerpt":{"rendered":"<p>Apenas se anunci\u00f3 el tradicional\u00a0habemus papam, en referencia al nuevo l\u00edder de la\u00a0Iglesia Cat\u00f3lica\u00a0\u2014 al momento del post se desconoc\u00eda que se trataba del\u00a0papa Le\u00f3n XIV\u2014,\u00a0Yaku P\u00e9rez, excandidato a la\u00a0Presidencia del Ecuador\u00a0y a la\u00a0Asamblea Nacional, escribi\u00f3 un comentario en la\u00a0red social X\u00a0que no tard\u00f3 en convertirse en tendencia. En su cuenta oficial, Yaku escribi\u00f3:\u00a0\u201cHumo blanco, [&hellip;]<\/p>\n","protected":false},"author":1,"featured_media":12069,"comment_status":"open","ping_status":"open","sticky":false,"template":"","format":"standard","meta":{"footnotes":""},"categories":[12],"tags":[],"_links":{"self":[{"href":"https:\/\/infozamoraec.com\/index.php\/wp-json\/wp\/v2\/posts\/12068"}],"collection":[{"href":"https:\/\/infozamoraec.com\/index.php\/wp-json\/wp\/v2\/posts"}],"about":[{"href":"https:\/\/infozamoraec.com\/index.php\/wp-json\/wp\/v2\/types\/post"}],"author":[{"embeddable":true,"href":"https:\/\/infozamoraec.com\/index.php\/wp-json\/wp\/v2\/users\/1"}],"replies":[{"embeddable":true,"href":"https:\/\/infozamoraec.com\/index.php\/wp-json\/wp\/v2\/comments?post=12068"}],"version-history":[{"count":1,"href":"https:\/\/infozamoraec.com\/index.php\/wp-json\/wp\/v2\/posts\/12068\/revisions"}],"predecessor-version":[{"id":12070,"href":"https:\/\/infozamoraec.com\/index.php\/wp-json\/wp\/v2\/posts\/12068\/revisions\/12070"}],"wp:featuredmedia":[{"embeddable":true,"href":"https:\/\/infozamoraec.com\/index.php\/wp-json\/wp\/v2\/media\/12069"}],"wp:attachment":[{"href":"https:\/\/infozamoraec.com\/index.php\/wp-json\/wp\/v2\/media?parent=12068"}],"wp:term":[{"taxonomy":"category","embeddable":true,"href":"https:\/\/infozamoraec.com\/index.php\/wp-json\/wp\/v2\/categories?post=12068"},{"taxonomy":"post_tag","embeddable":true,"href":"https:\/\/infozamoraec.com\/index.php\/wp-json\/wp\/v2\/tags?post=12068"}],"curies":[{"name":"wp","href":"https:\/\/api.w.org\/{rel}","templated":true}]}}