{"id":12062,"date":"2025-05-09T01:22:45","date_gmt":"2025-05-09T01:22:45","guid":{"rendered":"https:\/\/infozamoraec.com\/?p=12062"},"modified":"2025-05-09T01:37:12","modified_gmt":"2025-05-09T01:37:12","slug":"jose-de-la-gasca-y-nango-afirman-que-si-hay-acuerdos-entre-adn-y-pachakutik","status":"publish","type":"post","link":"https:\/\/infozamoraec.com\/index.php\/2025\/05\/09\/jose-de-la-gasca-y-nango-afirman-que-si-hay-acuerdos-entre-adn-y-pachakutik\/","title":{"rendered":"Jos\u00e9 de la Gasca y Nango afirman que s\u00ed hay acuerdos entre ADN y Pachakutik"},"content":{"rendered":"<p>El ministro de Gobierno,\u00a0<strong><a title=\"\" href=\"https:\/\/www.larepublica.ec\/blog\/2025\/02\/03\/la-decision-de-la-cc-no-es-un-reves-para-el-gobierno-dice-jose-de-la-gasca\/\" target=\"_blank\" rel=\"noopener\">Jos\u00e9 de la Gasca<\/a><\/strong>, asegur\u00f3 el pasado mi\u00e9rcoles, 7 de mayo, en los exteriores de un lujoso hotel, en el norte de Quito, que la Acci\u00f3n Democr\u00e1tica Nacional (ADN7), donde cuyo l\u00edder es el presidente de la Rep\u00fablica reelecto,\u00a0<strong><a title=\"\" href=\"https:\/\/x.com\/DanielNoboaOk\" target=\"_blank\">Daniel Noboa<\/a><\/strong>,\u00a0<strong>s\u00ed tiene acercamientos con el Movimiento de Unidad Plurinacional Pachakutik (MUPP18) para completar la mayor\u00eda absoluta dentro de la nueva Asamblea Nacional, a pesar de que este partido lo haya negado en reiteradas ocasiones.<\/strong><img decoding=\"async\" src=\"https:\/\/servedby.revive-adserver.net\/lg.php?bannerid=0&amp;campaignid=0&amp;zoneid=2931&amp;loc=https%3A%2F%2Fwww.larepublica.ec%2Fblog%2F2025%2F05%2F08%2Fjose-de-la-gasca-afirma-que-si-hay-acuerdos-entre-adn-con-pachakutik%2F&amp;referer=https%3A%2F%2Fwww.larepublica.ec%2F&amp;cb=63f57c81a8\" alt=\"\" width=\"0\" height=\"0\" \/><\/p>\n<p>Seg\u00fan de la\u00a0<strong><a title=\"\" href=\"https:\/\/x.com\/MinGobiernoEc\" target=\"_blank\">Gasca,<\/a><\/strong>\u00a0<strong>\u00abConversamos sobre los problemas del pa\u00eds y de lo que debe hablarse al interior de la Asamblea.\u00a0Fue una reuni\u00f3n transparente, di\u00e1fana, no como en otrora, en un hotel, como los esc\u00e1ndalos de los \u2018pativideos\u2019 (en alusi\u00f3n a Ricardo Pati\u00f1o, asamble\u00edsta corre\u00edsta)\u00bb.<\/strong><\/p>\n<p>El funcionario adelant\u00f3 anoche que se discutieron los cargos que podr\u00edan ocupar en el Parlamento. ADN7 busca respaldo para asegurar la Presidencia, mientras que,\u00a0<strong>Pachakutik aspira a tener representaci\u00f3n en el Consejo de Administraci\u00f3n Legislativa (CAL)<\/strong><\/p>\n<p>\u00abHablamos de salud, educaci\u00f3n (\u2026) sobre lo que debe ser la mirada conjunta de las agendas legislativas y\u00a0<strong>sobre los espacios que debe ocupar un grupo de asamble\u00edstas como Pachakutik en la nueva Asamblea.\u00a0Y en el marco de eso\u00a0tenemos acuerdos. No he visto a ninguno de los asamble\u00edstas que estuvo ah\u00ed reunido en salir a desmentir que hubo un acuerdo (\u2026)<\/strong>\u00ab,\u00a0coment\u00f3.<\/p>\n<p>Para el\u00a0<strong><a href=\"https:\/\/x.com\/cnegobec\" target=\"_blank\">Pleno del Consejo Nacional Electoral (CNE)<\/a>,\u00a0<\/strong>151 asamble\u00edstas conformar\u00e1n el pr\u00f3ximo mi\u00e9rcoles, 14 de mayo, en Quito, la nueva Asamblea. Esto representa 14 funcionarios m\u00e1s en comparaci\u00f3n con la saliente, que contaba con 137.<\/p>\n<h2 class=\"wp-block-heading\">Pachakutik lanza la piedra y oculta la mano<\/h2>\n<p>Un d\u00eda antes, los asamble\u00edstas electos de ese gremio y un delegado sostuvieron una reuni\u00f3n con De La Gasca. Mariana Yumbay, asamble\u00edsta reelecta del mismo, no asisti\u00f3 al encuentro y, en la ma\u00f1ana del mi\u00e9rcoles, aleg\u00f3 que no existe ning\u00fan acuerdo. En la misma l\u00ednea se expres\u00f3 Ver\u00f3nica Albuja, presidenta del Tribunal de \u00c9tica y Disciplina de Pachakutik.<\/p>\n","protected":false},"excerpt":{"rendered":"<p>El ministro de Gobierno,\u00a0Jos\u00e9 de la Gasca, asegur\u00f3 el pasado mi\u00e9rcoles, 7 de mayo, en los exteriores de un lujoso hotel, en el norte de Quito, que la Acci\u00f3n Democr\u00e1tica Nacional (ADN7), donde cuyo l\u00edder es el presidente de la Rep\u00fablica reelecto,\u00a0Daniel Noboa,\u00a0s\u00ed tiene acercamientos con el Movimiento de Unidad Plurinacional Pachakutik (MUPP18) para completar [&hellip;]<\/p>\n","protected":false},"author":1,"featured_media":12063,"comment_status":"open","ping_status":"open","sticky":false,"template":"","format":"standard","meta":{"footnotes":""},"categories":[12],"tags":[],"_links":{"self":[{"href":"https:\/\/infozamoraec.com\/index.php\/wp-json\/wp\/v2\/posts\/12062"}],"collection":[{"href":"https:\/\/infozamoraec.com\/index.php\/wp-json\/wp\/v2\/posts"}],"about":[{"href":"https:\/\/infozamoraec.com\/index.php\/wp-json\/wp\/v2\/types\/post"}],"author":[{"embeddable":true,"href":"https:\/\/infozamoraec.com\/index.php\/wp-json\/wp\/v2\/users\/1"}],"replies":[{"embeddable":true,"href":"https:\/\/infozamoraec.com\/index.php\/wp-json\/wp\/v2\/comments?post=12062"}],"version-history":[{"count":1,"href":"https:\/\/infozamoraec.com\/index.php\/wp-json\/wp\/v2\/posts\/12062\/revisions"}],"predecessor-version":[{"id":12064,"href":"https:\/\/infozamoraec.com\/index.php\/wp-json\/wp\/v2\/posts\/12062\/revisions\/12064"}],"wp:featuredmedia":[{"embeddable":true,"href":"https:\/\/infozamoraec.com\/index.php\/wp-json\/wp\/v2\/media\/12063"}],"wp:attachment":[{"href":"https:\/\/infozamoraec.com\/index.php\/wp-json\/wp\/v2\/media?parent=12062"}],"wp:term":[{"taxonomy":"category","embeddable":true,"href":"https:\/\/infozamoraec.com\/index.php\/wp-json\/wp\/v2\/categories?post=12062"},{"taxonomy":"post_tag","embeddable":true,"href":"https:\/\/infozamoraec.com\/index.php\/wp-json\/wp\/v2\/tags?post=12062"}],"curies":[{"name":"wp","href":"https:\/\/api.w.org\/{rel}","templated":true}]}}