{"id":12059,"date":"2025-05-09T01:19:52","date_gmt":"2025-05-09T01:19:52","guid":{"rendered":"https:\/\/infozamoraec.com\/?p=12059"},"modified":"2025-05-09T01:19:52","modified_gmt":"2025-05-09T01:19:52","slug":"noboa-se-reunio-con-emmanuel-macron-en-el-placio-de-eliseo-para-hablar-de-inversiones","status":"publish","type":"post","link":"https:\/\/infozamoraec.com\/index.php\/2025\/05\/09\/noboa-se-reunio-con-emmanuel-macron-en-el-placio-de-eliseo-para-hablar-de-inversiones\/","title":{"rendered":"Noboa se reuni\u00f3 con Emmanuel Macron en el Placio de El\u00edseo para hablar de inversiones"},"content":{"rendered":"<p>El presidente Daniel Noboa se reuni\u00f3 este jueves 8 de mayo de 2025 con el presidente de Francia, Emmanuel Macron, en Par\u00eds, como parte de su gira por Europa y Oriente Medio.<\/p>\n<p>Noboa lleg\u00f3 al Palacio del El\u00edseo para reunirse con su hom\u00f3logo franc\u00e9s para \u201centablar un di\u00e1logo fruct\u00edfero que beneficie a las dos naciones\u201d, dijo la Presidencia. Esto en el marco de fortalecer las relaciones bilaterales en busca de nuevas oportunidades para Ecuador.<\/p>\n<p>El presidente de Ecuador, Daniel Noboa, lleg\u00f3 anoche a Par\u00eds, \u00faltima parada de su gira internacional, donde mantendr\u00e1 varias reuniones de trabajo con el objetivo de posicionar a Ecuador como un destino para inversiones, seg\u00fan inform\u00f3 a trav\u00e9s de redes sociales la Presidencia ecuatoriana.<\/p>\n<p>A su llegada a la capital de Francia, Noboa fue recibido por el embajador de Francia en Ecuador, Phillippe L\u00e9trilliart, y por el delegado permanente del Ecuador ante la Unesco, Efra\u00edn Baus, entre otras autoridades.\u00a0<strong>EFE<\/strong><\/p>\n","protected":false},"excerpt":{"rendered":"<p>El presidente Daniel Noboa se reuni\u00f3 este jueves 8 de mayo de 2025 con el presidente de Francia, Emmanuel Macron, en Par\u00eds, como parte de su gira por Europa y Oriente Medio. Noboa lleg\u00f3 al Palacio del El\u00edseo para reunirse con su hom\u00f3logo franc\u00e9s para \u201centablar un di\u00e1logo fruct\u00edfero que beneficie a las dos naciones\u201d, [&hellip;]<\/p>\n","protected":false},"author":1,"featured_media":12060,"comment_status":"open","ping_status":"open","sticky":false,"template":"","format":"standard","meta":{"footnotes":""},"categories":[12],"tags":[],"_links":{"self":[{"href":"https:\/\/infozamoraec.com\/index.php\/wp-json\/wp\/v2\/posts\/12059"}],"collection":[{"href":"https:\/\/infozamoraec.com\/index.php\/wp-json\/wp\/v2\/posts"}],"about":[{"href":"https:\/\/infozamoraec.com\/index.php\/wp-json\/wp\/v2\/types\/post"}],"author":[{"embeddable":true,"href":"https:\/\/infozamoraec.com\/index.php\/wp-json\/wp\/v2\/users\/1"}],"replies":[{"embeddable":true,"href":"https:\/\/infozamoraec.com\/index.php\/wp-json\/wp\/v2\/comments?post=12059"}],"version-history":[{"count":1,"href":"https:\/\/infozamoraec.com\/index.php\/wp-json\/wp\/v2\/posts\/12059\/revisions"}],"predecessor-version":[{"id":12061,"href":"https:\/\/infozamoraec.com\/index.php\/wp-json\/wp\/v2\/posts\/12059\/revisions\/12061"}],"wp:featuredmedia":[{"embeddable":true,"href":"https:\/\/infozamoraec.com\/index.php\/wp-json\/wp\/v2\/media\/12060"}],"wp:attachment":[{"href":"https:\/\/infozamoraec.com\/index.php\/wp-json\/wp\/v2\/media?parent=12059"}],"wp:term":[{"taxonomy":"category","embeddable":true,"href":"https:\/\/infozamoraec.com\/index.php\/wp-json\/wp\/v2\/categories?post=12059"},{"taxonomy":"post_tag","embeddable":true,"href":"https:\/\/infozamoraec.com\/index.php\/wp-json\/wp\/v2\/tags?post=12059"}],"curies":[{"name":"wp","href":"https:\/\/api.w.org\/{rel}","templated":true}]}}