{"id":12028,"date":"2025-05-08T00:36:51","date_gmt":"2025-05-08T00:36:51","guid":{"rendered":"https:\/\/infozamoraec.com\/?p=12028"},"modified":"2025-05-08T00:36:51","modified_gmt":"2025-05-08T00:36:51","slug":"pachakutik-aclara-que-no-existe-ningun-acuerdo-con-el-gobierno-para-la-nueva-mayoria-legislativa","status":"publish","type":"post","link":"https:\/\/infozamoraec.com\/index.php\/2025\/05\/08\/pachakutik-aclara-que-no-existe-ningun-acuerdo-con-el-gobierno-para-la-nueva-mayoria-legislativa\/","title":{"rendered":"Pachakutik aclara que no existe ning\u00fan acuerdo con el Gobierno para la nueva mayor\u00eda legislativa"},"content":{"rendered":"<p>A trav\u00e9s de un comunicado, el movimiento Pachakutik aclar\u00f3 al pa\u00eds que no existe ning\u00fan acuerdo con el Gobierno ni con ning\u00fan otro sector, que se mantiene firme en las decisiones colectivas.<\/p>\n<p>Ver\u00f3nica Albuja, presidenta del tribunal de \u00e9tica y disciplina del movimiento Pachakutik, fue la encargada de dar lectura del comunicado este 7 de mayo, luego de que el ministro de Gobierno, Jos\u00e9 de la Gasca, un d\u00eda antes poste\u00f3 en sus redes sociales una fotograf\u00eda junto con los legisladores de Pachakutik afirmando que existe un acuerdo pol\u00edtico con ADN para la nueva Asamblea Nacional.<\/p>\n<p>Tras ese pronunciamiento, el presidente de la Confederaci\u00f3n de Nacionalidades Ind\u00edgenas del Ecuador, Leonidas Iza, cuestion\u00f3 lo que para el ministro de Gobierno era un acuerdo y tild\u00f3 a los asamble\u00edstas de \u201ctraidores y vendidos\u201d, se\u00f1al\u00f3 que era un error pactar con el Gobierno y finalmente, los invit\u00f3 a rectificar.<\/p>\n<p>Los legisladores que componen ese grupo pol\u00edtico en la nueva Asamblea se reunieron este 7 de mayo en la sede del movimiento en Quito y luego del mediod\u00eda emitieron un comunicado, pero no se admitieron preguntas de la prensa.<\/p>\n<p>\u201cDesde la coordinaci\u00f3n nacional informamos que no existe ning\u00fan acuerdo con el Gobierno y nos mantenemos firmes en las decisiones colectivas. Nos ratificamos en seguir firmes en nuestro proyecto pol\u00edtico e hist\u00f3rico y lucharemos por construir el Estado plurinacional, el respeto de los derechos colectivos, los derechos de la naturaleza, la vida digna de los ecuatorianos\u201d, se\u00f1ala el documento.<\/p>\n<p>Que el 6 de mayo del 2025, ocho de sus nueve asamble\u00edstas asistieron a una reuni\u00f3n protocolaria por invitaci\u00f3n del ministro de Gobierno Jos\u00e9 de la Gasca. Durante el encuentro se plantearon propuestas legislativas nacidas desde los territorios y orientadas al bienestar del pa\u00eds.<\/p>\n<p>Entre los temas abordados, a\u00f1ade el comunicado, estuvieron educaci\u00f3n, salud, seguridad, producci\u00f3n, generaci\u00f3n de empleo, respeto a los derechos individuales y colectivos, \u201cas\u00ed como que no estamos de acuerdo con la asamblea constituyente, pero s\u00ed con una reforma forma parcial que fortalezca la norma constitucional\u201d.<\/p>\n<p>\u201cHasta el momento no se ha llegado a ning\u00fan acuerdo con el Ejecutivo ni con ning\u00fan otro sector\u201d, reitera el comunicado de Pachakutik.<\/p>\n<p>Adem\u00e1s, ratifica que se mantienen como grupo parlamentario del movimiento de unidad plurinacional Pachakutik y reafirma su compromiso con una agenda legislativa construida desde las bases en defensa del inter\u00e9s nacional.<\/p>\n","protected":false},"excerpt":{"rendered":"<p>A trav\u00e9s de un comunicado, el movimiento Pachakutik aclar\u00f3 al pa\u00eds que no existe ning\u00fan acuerdo con el Gobierno ni con ning\u00fan otro sector, que se mantiene firme en las decisiones colectivas. Ver\u00f3nica Albuja, presidenta del tribunal de \u00e9tica y disciplina del movimiento Pachakutik, fue la encargada de dar lectura del comunicado este 7 de [&hellip;]<\/p>\n","protected":false},"author":1,"featured_media":12029,"comment_status":"open","ping_status":"open","sticky":false,"template":"","format":"standard","meta":{"footnotes":""},"categories":[12],"tags":[],"_links":{"self":[{"href":"https:\/\/infozamoraec.com\/index.php\/wp-json\/wp\/v2\/posts\/12028"}],"collection":[{"href":"https:\/\/infozamoraec.com\/index.php\/wp-json\/wp\/v2\/posts"}],"about":[{"href":"https:\/\/infozamoraec.com\/index.php\/wp-json\/wp\/v2\/types\/post"}],"author":[{"embeddable":true,"href":"https:\/\/infozamoraec.com\/index.php\/wp-json\/wp\/v2\/users\/1"}],"replies":[{"embeddable":true,"href":"https:\/\/infozamoraec.com\/index.php\/wp-json\/wp\/v2\/comments?post=12028"}],"version-history":[{"count":1,"href":"https:\/\/infozamoraec.com\/index.php\/wp-json\/wp\/v2\/posts\/12028\/revisions"}],"predecessor-version":[{"id":12030,"href":"https:\/\/infozamoraec.com\/index.php\/wp-json\/wp\/v2\/posts\/12028\/revisions\/12030"}],"wp:featuredmedia":[{"embeddable":true,"href":"https:\/\/infozamoraec.com\/index.php\/wp-json\/wp\/v2\/media\/12029"}],"wp:attachment":[{"href":"https:\/\/infozamoraec.com\/index.php\/wp-json\/wp\/v2\/media?parent=12028"}],"wp:term":[{"taxonomy":"category","embeddable":true,"href":"https:\/\/infozamoraec.com\/index.php\/wp-json\/wp\/v2\/categories?post=12028"},{"taxonomy":"post_tag","embeddable":true,"href":"https:\/\/infozamoraec.com\/index.php\/wp-json\/wp\/v2\/tags?post=12028"}],"curies":[{"name":"wp","href":"https:\/\/api.w.org\/{rel}","templated":true}]}}