{"id":12004,"date":"2025-05-07T22:15:43","date_gmt":"2025-05-07T22:15:43","guid":{"rendered":"https:\/\/infozamoraec.com\/?p=12004"},"modified":"2025-05-07T22:15:43","modified_gmt":"2025-05-07T22:15:43","slug":"prefectura-apoya-a-la-educacion-de-panguintza","status":"publish","type":"post","link":"https:\/\/infozamoraec.com\/index.php\/2025\/05\/07\/prefectura-apoya-a-la-educacion-de-panguintza\/","title":{"rendered":"Prefectura apoya a la educaci\u00f3n de Panguintza\u00a0"},"content":{"rendered":"<p><span style=\"font-weight: 400;\">La Prefectura de Zamora Chinchipe, inici\u00f3 la construcci\u00f3n de mejoras y acondicionamiento de la\u00a0 infraestructura en la Unidad Educativa <\/span><b>\u201cCiudad de Latacunga\u201d, <\/b><span style=\"font-weight: 400;\">de la parroquia Panguintza del\u00a0 cant\u00f3n Centinela del C\u00f3ndor<\/span><b>.\u00a0\u00a0<\/b><\/p>\n<p><span style=\"font-weight: 400;\">La obra consiste en la edificaci\u00f3n dos bloques, la primera planta alta, 3 aulas, la segunda planta\u00a0 alta, 1 sal\u00f3n social. Adicional a ello, bater\u00edas sanitarias, comedor escolar y el cerramiento\u00a0 perimetral, y se lo ejecuta en convenio tripartito entre la Prefectura de Zamora Chinchipe, Gad\u00a0 Parroquial de Panguintza y el Distrito de Educaci\u00f3n 19D02.\u00a0<\/span><\/p>\n<p><span style=\"font-weight: 400;\">Inversi\u00f3n: Prefectura de Zamora Chinchipe aporta: $ 160.000,00 y el GAD Parroquial de\u00a0 Panguintza alrededor de $ 40.000,00, la inversi\u00f3n total asciende <\/span><b>$ 200.000,00. <\/b><span style=\"font-weight: 400;\">La unidad\u00a0 ejecutora es el Gad Local y en 180 d\u00edas este centro educativo ya contar\u00e1 con su nueva obra.\u00a0<\/span><\/p>\n<p><span style=\"font-weight: 400;\">La prefecta Karla Re\u00e1tegui en su mensaje dijo que, el arma m\u00e1s poderosa en la sociedad es la\u00a0 educaci\u00f3n, por tanto, le alegra mucho que la instituci\u00f3n provincial sea un aliado estrat\u00e9gico del\u00a0 Distrito de Educaci\u00f3n a trav\u00e9s de los convenios, <\/span><b>\u201cestas obras garantizan que los ni\u00f1os y ni\u00f1as\u00a0 tengan el mejor espacio para sus estudios, agradecer a los padres de familia que han estado\u00a0 en esta gesti\u00f3n permanente\u201d.\u00a0\u00a0<\/b><\/p>\n<p><span style=\"font-weight: 400;\">Adem\u00e1s, tambi\u00e9n felicit\u00f3 la visi\u00f3n de trabajo de la presidenta del Gad Parroquial de Panguintza\u00a0 para que esta bonita obra se cristalice. <\/span><b>\u201cCuenten siempre con el apoyo de la Prefectura,\u00a0 estamos para seguir trabajando con la misma fuerza, con el mismo \u00f1eke con miras a seguir\u00a0 fortaleciendo la educaci\u00f3n\u201d, <\/b><span style=\"font-weight: 400;\">culmin\u00f3.\u00a0<\/span><\/p>\n<p><span style=\"font-weight: 400;\">Para el rector de esta unidad educativa, \u00c1ngel Guanuche, se escribe una nueva historia en la\u00a0 Unidad Educativa, porque es el reflejo del apoyo de las autoridades. Actualmente, son 120\u00a0 estudiantes en el bloque 2, desde Inicial I, hasta Cuarto Grado de Educaci\u00f3n B\u00e1sica<\/span><b>. \u201cAspiramos\u00a0 para el pr\u00f3ximo a\u00f1o lectivo se incremente el alumnado porque ya se cuenta con nuevo y\u00a0 moderno bloque de aulas\u2026\u201d.\u00a0<\/b><\/p>\n<p><span style=\"font-weight: 400;\">M\u00f3nica \u00c1lvarez, presidenta del GAD Local, se siente contenta por el inicio de la obra educativa,\u00a0 felicit\u00f3 a la Prefecta por plasmarse esta obra importante, <\/span><b>\u201cla se\u00f1ora Prefecta no nos han\u00a0 abandonado a los GADs Parroquiales siempre pensando en el bienestar de nuestros ni\u00f1os y\u00a0 j\u00f3venes porque son el pilar a futuro, como parroquia no tenemos las posibilidades de poder\u00a0 afrontar al 100% con el presupuesto, por eso golpeamos puertas y hay que saber reconocer\u00a0 esa voluntad pol\u00edtica\u201d.\u00a0\u00a0<\/b><\/p>\n<p><span style=\"font-weight: 400;\">Over Castillo, presidente de padres de familia, dijo, que hoy es un d\u00eda hist\u00f3rico y que, gracias a\u00a0 esa gesti\u00f3n de los padres de familia ante las entidades que no son de competencia directa con\u00a0 la educaci\u00f3n pusieron su esfuerzo para que la ni\u00f1ez tenga un mejor beneficio.\u00a0\u00a0<\/span><\/p>\n<p><b>Dato:\u00a0<\/b><\/p>\n<p><span style=\"font-weight: 400;\">Son cerca de $ 339.285,00 los recursos invertidos hasta la actualidad desde la Prefectura, en las\u00a0 obras educativas de Centinela del C\u00f3ndor y Nangaritza.\u00a0<\/span><\/p>\n","protected":false},"excerpt":{"rendered":"<p>La Prefectura de Zamora Chinchipe, inici\u00f3 la construcci\u00f3n de mejoras y acondicionamiento de la\u00a0 infraestructura en la Unidad Educativa \u201cCiudad de Latacunga\u201d, de la parroquia Panguintza del\u00a0 cant\u00f3n Centinela del C\u00f3ndor.\u00a0\u00a0 La obra consiste en la edificaci\u00f3n dos bloques, la primera planta alta, 3 aulas, la segunda planta\u00a0 alta, 1 sal\u00f3n social. Adicional a ello, [&hellip;]<\/p>\n","protected":false},"author":1,"featured_media":12005,"comment_status":"open","ping_status":"open","sticky":false,"template":"","format":"standard","meta":{"footnotes":""},"categories":[9],"tags":[],"_links":{"self":[{"href":"https:\/\/infozamoraec.com\/index.php\/wp-json\/wp\/v2\/posts\/12004"}],"collection":[{"href":"https:\/\/infozamoraec.com\/index.php\/wp-json\/wp\/v2\/posts"}],"about":[{"href":"https:\/\/infozamoraec.com\/index.php\/wp-json\/wp\/v2\/types\/post"}],"author":[{"embeddable":true,"href":"https:\/\/infozamoraec.com\/index.php\/wp-json\/wp\/v2\/users\/1"}],"replies":[{"embeddable":true,"href":"https:\/\/infozamoraec.com\/index.php\/wp-json\/wp\/v2\/comments?post=12004"}],"version-history":[{"count":1,"href":"https:\/\/infozamoraec.com\/index.php\/wp-json\/wp\/v2\/posts\/12004\/revisions"}],"predecessor-version":[{"id":12006,"href":"https:\/\/infozamoraec.com\/index.php\/wp-json\/wp\/v2\/posts\/12004\/revisions\/12006"}],"wp:featuredmedia":[{"embeddable":true,"href":"https:\/\/infozamoraec.com\/index.php\/wp-json\/wp\/v2\/media\/12005"}],"wp:attachment":[{"href":"https:\/\/infozamoraec.com\/index.php\/wp-json\/wp\/v2\/media?parent=12004"}],"wp:term":[{"taxonomy":"category","embeddable":true,"href":"https:\/\/infozamoraec.com\/index.php\/wp-json\/wp\/v2\/categories?post=12004"},{"taxonomy":"post_tag","embeddable":true,"href":"https:\/\/infozamoraec.com\/index.php\/wp-json\/wp\/v2\/tags?post=12004"}],"curies":[{"name":"wp","href":"https:\/\/api.w.org\/{rel}","templated":true}]}}