{"id":11990,"date":"2025-05-07T00:55:31","date_gmt":"2025-05-07T00:55:31","guid":{"rendered":"https:\/\/infozamoraec.com\/?p=11990"},"modified":"2025-05-07T00:55:31","modified_gmt":"2025-05-07T00:55:31","slug":"confirman-dos-casos-de-tosferina-en-zamora-chinchipe","status":"publish","type":"post","link":"https:\/\/infozamoraec.com\/index.php\/2025\/05\/07\/confirman-dos-casos-de-tosferina-en-zamora-chinchipe\/","title":{"rendered":"Confirman dos casos de tosferina en Zamora Chinchipe"},"content":{"rendered":"<p class=\"\" data-start=\"130\" data-end=\"438\">El Ministerio de Salud P\u00fablica (MSP) del Ecuador confirm\u00f3 <strong data-start=\"212\" data-end=\"259\">dos casos de tosferina en menores de un a\u00f1o<\/strong> en la provincia de Zamora Chinchipe. Uno de los contagios se registr\u00f3 en el cant\u00f3n <strong data-start=\"343\" data-end=\"353\">Zamora<\/strong> y otro en <strong data-start=\"364\" data-end=\"376\">Yantzaza<\/strong>, seg\u00fan inform\u00f3 la autoridad sanitaria este 6 de mayo de 2025.<\/p>\n<p class=\"\" data-start=\"440\" data-end=\"625\">La <strong data-start=\"443\" data-end=\"456\">tosferina<\/strong> es una <strong data-start=\"464\" data-end=\"512\">enfermedad respiratoria altamente contagiosa<\/strong>, caracterizada por una tos intensa que puede generar complicaciones graves, especialmente en <strong data-start=\"606\" data-end=\"624\">ni\u00f1os peque\u00f1os<\/strong>.<\/p>\n<p class=\"\" data-start=\"627\" data-end=\"955\">Estos casos se suman a la <strong data-start=\"653\" data-end=\"687\">alerta epidemiol\u00f3gica nacional<\/strong> declarada por el MSP, ante los brotes de <strong data-start=\"729\" data-end=\"760\">tosferina y fiebre amarilla<\/strong> registrados en varias provincias. Hasta el <strong data-start=\"804\" data-end=\"817\">2 de mayo<\/strong>, se han reportado <strong data-start=\"836\" data-end=\"862\">321 casos de tosferina<\/strong> en el pa\u00eds, con presencia en <strong data-start=\"892\" data-end=\"954\">Guayas, Manab\u00ed, Pichincha y Santo Domingo de los Ts\u00e1chilas<\/strong>.<\/p>\n<h3 class=\"\" data-start=\"957\" data-end=\"982\">Medidas de prevenci\u00f3n<\/h3>\n<p class=\"\" data-start=\"984\" data-end=\"1226\">El MSP ha intensificado las campa\u00f1as de <strong data-start=\"1024\" data-end=\"1047\">vacunaci\u00f3n gratuita<\/strong> en todos los centros de salud p\u00fablicos. La vacuna contra la tosferina est\u00e1 incluida en el esquema regular de inmunizaci\u00f3n infantil y es fundamental para prevenir esta enfermedad.<\/p>\n<p class=\"\" data-start=\"1228\" data-end=\"1404\">Adem\u00e1s, el <strong data-start=\"1239\" data-end=\"1284\">Comit\u00e9 de Operaciones de Emergencia (COE)<\/strong> ha activado <strong data-start=\"1297\" data-end=\"1340\">protocolos de vigilancia epidemiol\u00f3gica<\/strong> para contener la propagaci\u00f3n de estas enfermedades infecciosas.<\/p>\n<h3 class=\"\" data-start=\"1406\" data-end=\"1428\">S\u00edntomas y riesgos<\/h3>\n<ul data-start=\"1430\" data-end=\"1652\">\n<li class=\"\" data-start=\"1430\" data-end=\"1529\">\n<p class=\"\" data-start=\"1432\" data-end=\"1529\">La <strong data-start=\"1435\" data-end=\"1448\">tosferina<\/strong> puede provocar complicaciones respiratorias severas, especialmente en lactantes.<\/p>\n<\/li>\n<li class=\"\" data-start=\"1530\" data-end=\"1652\">\n<p class=\"\" data-start=\"1532\" data-end=\"1652\">En el caso de la <strong data-start=\"1549\" data-end=\"1568\">fiebre amarilla<\/strong>, no existe un tratamiento espec\u00edfico, por lo que la vacunaci\u00f3n es la mejor defensa.<\/p>\n<\/li>\n<\/ul>\n<h3 class=\"\" data-start=\"1654\" data-end=\"1675\">\u00bfD\u00f3nde vacunarse?<\/h3>\n<p class=\"\" data-start=\"1677\" data-end=\"1849\">La ciudadan\u00eda puede acudir a <strong data-start=\"1706\" data-end=\"1767\">cualquier centro de salud del Ministerio de Salud P\u00fablica<\/strong>. Para ubicar el m\u00e1s cercano, se recomienda visitar el portal web oficial del MSP.<\/p>\n<p class=\"\" data-start=\"1851\" data-end=\"2042\">El Ministerio insiste en la importancia de mantener actualizado el esquema de vacunaci\u00f3n y acudir de inmediato a los servicios de salud ante cualquier s\u00edntoma respiratorio inusual en menores.<\/p>\n","protected":false},"excerpt":{"rendered":"<p>El Ministerio de Salud P\u00fablica (MSP) del Ecuador confirm\u00f3 dos casos de tosferina en menores de un a\u00f1o en la provincia de Zamora Chinchipe. Uno de los contagios se registr\u00f3 en el cant\u00f3n Zamora y otro en Yantzaza, seg\u00fan inform\u00f3 la autoridad sanitaria este 6 de mayo de 2025. La tosferina es una enfermedad respiratoria [&hellip;]<\/p>\n","protected":false},"author":1,"featured_media":11993,"comment_status":"open","ping_status":"open","sticky":false,"template":"","format":"standard","meta":{"footnotes":""},"categories":[9],"tags":[],"_links":{"self":[{"href":"https:\/\/infozamoraec.com\/index.php\/wp-json\/wp\/v2\/posts\/11990"}],"collection":[{"href":"https:\/\/infozamoraec.com\/index.php\/wp-json\/wp\/v2\/posts"}],"about":[{"href":"https:\/\/infozamoraec.com\/index.php\/wp-json\/wp\/v2\/types\/post"}],"author":[{"embeddable":true,"href":"https:\/\/infozamoraec.com\/index.php\/wp-json\/wp\/v2\/users\/1"}],"replies":[{"embeddable":true,"href":"https:\/\/infozamoraec.com\/index.php\/wp-json\/wp\/v2\/comments?post=11990"}],"version-history":[{"count":1,"href":"https:\/\/infozamoraec.com\/index.php\/wp-json\/wp\/v2\/posts\/11990\/revisions"}],"predecessor-version":[{"id":11994,"href":"https:\/\/infozamoraec.com\/index.php\/wp-json\/wp\/v2\/posts\/11990\/revisions\/11994"}],"wp:featuredmedia":[{"embeddable":true,"href":"https:\/\/infozamoraec.com\/index.php\/wp-json\/wp\/v2\/media\/11993"}],"wp:attachment":[{"href":"https:\/\/infozamoraec.com\/index.php\/wp-json\/wp\/v2\/media?parent=11990"}],"wp:term":[{"taxonomy":"category","embeddable":true,"href":"https:\/\/infozamoraec.com\/index.php\/wp-json\/wp\/v2\/categories?post=11990"},{"taxonomy":"post_tag","embeddable":true,"href":"https:\/\/infozamoraec.com\/index.php\/wp-json\/wp\/v2\/tags?post=11990"}],"curies":[{"name":"wp","href":"https:\/\/api.w.org\/{rel}","templated":true}]}}