{"id":11984,"date":"2025-05-07T00:49:17","date_gmt":"2025-05-07T00:49:17","guid":{"rendered":"https:\/\/infozamoraec.com\/?p=11984"},"modified":"2025-05-07T00:49:17","modified_gmt":"2025-05-07T00:49:17","slug":"daniel-salcedo-se-disculpo-publicamente-con-la-fiscal-diana-salazar","status":"publish","type":"post","link":"https:\/\/infozamoraec.com\/index.php\/2025\/05\/07\/daniel-salcedo-se-disculpo-publicamente-con-la-fiscal-diana-salazar\/","title":{"rendered":"Daniel Salcedo se disculp\u00f3 p\u00fablicamente con la fiscal Diana Salazar"},"content":{"rendered":"<p>Desde la c\u00e1rcel La Roca, en Guayaquil,\u00a0<strong><a title=\"\" href=\"https:\/\/www.bing.com\/search?pglt=41&amp;q=la+republica+daniel+salcedo&amp;cvid=9efdab7a785048628a5ae09bf763f4e8&amp;gs_lcrp=EgRlZGdlKgYIABBFGDkyBggAEEUYOTIGCAEQABhAMgYIAhAAGEAyBggDEAAYQDIGCAQQABhAMgYIBRAAGEAyBggGEEUYQNIBCDUwMTJqMGoxqAIAsAIA&amp;FORM=ANNTA1&amp;PC=U531\" target=\"_blank\" rel=\"noopener\">Daniel Salcedo<\/a><\/strong>\u00a0ofreci\u00f3 este martes, 6 de mayo, v\u00eda telem\u00e1tica\u00a0<strong>disculpas p\u00fablicas a la fiscal general del Estado, Diana Salazar, como parte de su sentencia por delincuencia organizada en el caso Met\u00e1stasis.<\/strong><\/p>\n<p>Seg\u00fan<a title=\"\" href=\"https:\/\/www.bing.com\/search?pglt=41&amp;q=la+republica+daniel+salcedo&amp;cvid=9efdab7a785048628a5ae09bf763f4e8&amp;gs_lcrp=EgRlZGdlKgYIABBFGDkyBggAEEUYOTIGCAEQABhAMgYIAhAAGEAyBggDEAAYQDIGCAQQABhAMgYIBRAAGEAyBggGEEUYQNIBCDUwMTJqMGoxqAIAsAIA&amp;FORM=ANNTA1&amp;PC=U531\" target=\"_blank\" rel=\"noopener\">\u00a0<strong>Salcedo<\/strong>,\u00a0<\/a><strong>\u00abReconozco que estos hechos buscaban \u00fanicamente la obtenci\u00f3n de beneficio personal y provocaron alarma, conmoci\u00f3n social y un grave da\u00f1o a la administraci\u00f3n de justicia y a la seguridad nacional, lo que afect\u00f3 profundamente a la sociedad, perjuicio que no puedo deshacer\u00bb.<\/strong><\/p>\n<p>Durante su intervenci\u00f3n, el reo reconoci\u00f3 haber intentado sobornar a funcionarios judiciales mientras estuvo detenido en la C\u00e1rcel 4, en Quito, con el fin de obtener la liberaci\u00f3n del narcotraficante<\/p>\n<p>El recluso, adem\u00e1s, admiti\u00f3 haber colaborado en el lavado de dinero proveniente de actividades il\u00edcitas de Norero y en la colocaci\u00f3n de personas de confianza en entidades, como: Petroecuador, Corporaci\u00f3n Nacional de Electricidad (CNEL), Corporaci\u00f3n El\u00e9ctrica del Ecuador (CELEC) y el Instituto Ecuatoriano de Seguridad Social (IESS) para direccionar contratos a favor de sus intereses.<\/p>\n<p>El pasado jueves, 9 de enero de 2025, Salcedo deb\u00eda asistir a la Corte Nacional de Justicia, en Quito, para disculparse; sin embargo, se neg\u00f3 a salir de su actual prisi\u00f3n. Hoy divulg\u00f3 que ese d\u00eda hubo un \u2018asesinato\u2019 en dicho centro carcelario y por eso tuvo \u2018pavor\u2019 de ser movilizado.<\/p>\n<h2 class=\"wp-block-heading\">Sanciones pendientes<\/h2>\n<p>La\u00a0<strong><a title=\"\" href=\"https:\/\/x.com\/PGEcuador\" target=\"_blank\">Procuradur\u00eda General del Estado<\/a><\/strong>\u00a0expres\u00f3 su molestia hacia\u00a0<strong><a title=\"\" href=\"https:\/\/www.larepublica.ec\/blog\/2024\/01\/16\/daniel-salcedo-es-retenido-en-panama-ecuador-solicitara-su-extradicion\/\" target=\"_blank\" rel=\"noopener\">Salcedo<\/a><\/strong>\u00a0y su abogado, debido a que la reparaci\u00f3n econ\u00f3mica ordenada como parte de su sentencia a\u00fan no se ha materializado.<\/p>\n<p>Por otro lado, la fiscal general del Estado, Diana Salazar, quien particip\u00f3 de forma telem\u00e1tica, acept\u00f3 las disculpas ofrecidas por el sentenciado. La Procuradur\u00eda, en representaci\u00f3n del Estado ecuatoriano, fue la entidad que recibi\u00f3 formalmente las disculpas de los procesados en el caso Met\u00e1stasis.<\/p>\n","protected":false},"excerpt":{"rendered":"<p>Desde la c\u00e1rcel La Roca, en Guayaquil,\u00a0Daniel Salcedo\u00a0ofreci\u00f3 este martes, 6 de mayo, v\u00eda telem\u00e1tica\u00a0disculpas p\u00fablicas a la fiscal general del Estado, Diana Salazar, como parte de su sentencia por delincuencia organizada en el caso Met\u00e1stasis. Seg\u00fan\u00a0Salcedo,\u00a0\u00abReconozco que estos hechos buscaban \u00fanicamente la obtenci\u00f3n de beneficio personal y provocaron alarma, conmoci\u00f3n social y un grave [&hellip;]<\/p>\n","protected":false},"author":1,"featured_media":11985,"comment_status":"open","ping_status":"open","sticky":false,"template":"","format":"standard","meta":{"footnotes":""},"categories":[12],"tags":[],"_links":{"self":[{"href":"https:\/\/infozamoraec.com\/index.php\/wp-json\/wp\/v2\/posts\/11984"}],"collection":[{"href":"https:\/\/infozamoraec.com\/index.php\/wp-json\/wp\/v2\/posts"}],"about":[{"href":"https:\/\/infozamoraec.com\/index.php\/wp-json\/wp\/v2\/types\/post"}],"author":[{"embeddable":true,"href":"https:\/\/infozamoraec.com\/index.php\/wp-json\/wp\/v2\/users\/1"}],"replies":[{"embeddable":true,"href":"https:\/\/infozamoraec.com\/index.php\/wp-json\/wp\/v2\/comments?post=11984"}],"version-history":[{"count":1,"href":"https:\/\/infozamoraec.com\/index.php\/wp-json\/wp\/v2\/posts\/11984\/revisions"}],"predecessor-version":[{"id":11986,"href":"https:\/\/infozamoraec.com\/index.php\/wp-json\/wp\/v2\/posts\/11984\/revisions\/11986"}],"wp:featuredmedia":[{"embeddable":true,"href":"https:\/\/infozamoraec.com\/index.php\/wp-json\/wp\/v2\/media\/11985"}],"wp:attachment":[{"href":"https:\/\/infozamoraec.com\/index.php\/wp-json\/wp\/v2\/media?parent=11984"}],"wp:term":[{"taxonomy":"category","embeddable":true,"href":"https:\/\/infozamoraec.com\/index.php\/wp-json\/wp\/v2\/categories?post=11984"},{"taxonomy":"post_tag","embeddable":true,"href":"https:\/\/infozamoraec.com\/index.php\/wp-json\/wp\/v2\/tags?post=11984"}],"curies":[{"name":"wp","href":"https:\/\/api.w.org\/{rel}","templated":true}]}}