{"id":11907,"date":"2025-05-02T02:04:32","date_gmt":"2025-05-02T02:04:32","guid":{"rendered":"https:\/\/infozamoraec.com\/?p=11907"},"modified":"2025-05-02T02:04:32","modified_gmt":"2025-05-02T02:04:32","slug":"noboa-se-reune-con-destacados-representantes-de-abu-dhabi","status":"publish","type":"post","link":"https:\/\/infozamoraec.com\/index.php\/2025\/05\/02\/noboa-se-reune-con-destacados-representantes-de-abu-dhabi\/","title":{"rendered":"Noboa se re\u00fane con destacados representantes de Abu Dhabi"},"content":{"rendered":"<p>El presidente de la Rep\u00fablica reelecto,\u00a0<strong><a title=\"\" href=\"https:\/\/x.com\/DanielNoboaOk\" target=\"_blank\">Daniel Noboa<\/a><\/strong>, mantuvo este jueves, 1 de mayo, en los Emiratos \u00c1rabes,\u00a0<strong>importantes di\u00e1logos con representantes de marcas reconocidas de Abu Dhabi como parte de su agenda internacional en la que recorrer\u00e1 siete naciones en quince d\u00edas, inform\u00f3 hoy la Presidencia.<\/strong><\/p>\n<p>Tanto\u00a0<strong><a title=\"\" href=\"https:\/\/www.larepublica.ec\/blog\/2025\/04\/30\/correismo-expresa-su-descontento-por-permitir-bases-extranjeras-en-ecuador\/\" target=\"_blank\" rel=\"noopener\">Noboa<\/a><\/strong>\u00a0como su comitiva sostuvieron una reuni\u00f3n con l\u00edderes del Fondo de esa localidad para el desarrollo, donde se trataron temas fundamentales para reforzar la colaboraci\u00f3n entre ambos pa\u00edses y se analizaron posibles fuentes de financiamiento para iniciativas estrat\u00e9gicas que impulsen el progreso econ\u00f3mico y social del Ecuador.<\/p>\n<p>El mandatario tambi\u00e9n tuvo un encuentro protocolar con su Alteza, el jeque Khaled bin Mohamed bin Zayed Al Nahyan, heredero al trono de Abu Dhabi, capital de los Emiratos \u00c1rabes Unidos, fortaleciendo as\u00ed los lazos estrat\u00e9gicos entre ambas naciones.<\/p>\n<p>El presidente y la delegaci\u00f3n oficial ecuatoriana se congregaron con representantes de Mubadala Investment Company, en el que se discutieron temas relacionados con posibilidades de inversi\u00f3n en Ecuador e impulso al desarrollo econ\u00f3mico bilateral.<\/p>\n<figure class=\"wp-block-embed is-type-rich is-provider-twitter wp-block-embed-twitter\">\n<div class=\"wp-block-embed__wrapper\"><\/div>\n<\/figure>\n","protected":false},"excerpt":{"rendered":"<p>El presidente de la Rep\u00fablica reelecto,\u00a0Daniel Noboa, mantuvo este jueves, 1 de mayo, en los Emiratos \u00c1rabes,\u00a0importantes di\u00e1logos con representantes de marcas reconocidas de Abu Dhabi como parte de su agenda internacional en la que recorrer\u00e1 siete naciones en quince d\u00edas, inform\u00f3 hoy la Presidencia. Tanto\u00a0Noboa\u00a0como su comitiva sostuvieron una reuni\u00f3n con l\u00edderes del Fondo [&hellip;]<\/p>\n","protected":false},"author":1,"featured_media":11908,"comment_status":"open","ping_status":"open","sticky":false,"template":"","format":"standard","meta":{"footnotes":""},"categories":[12],"tags":[],"_links":{"self":[{"href":"https:\/\/infozamoraec.com\/index.php\/wp-json\/wp\/v2\/posts\/11907"}],"collection":[{"href":"https:\/\/infozamoraec.com\/index.php\/wp-json\/wp\/v2\/posts"}],"about":[{"href":"https:\/\/infozamoraec.com\/index.php\/wp-json\/wp\/v2\/types\/post"}],"author":[{"embeddable":true,"href":"https:\/\/infozamoraec.com\/index.php\/wp-json\/wp\/v2\/users\/1"}],"replies":[{"embeddable":true,"href":"https:\/\/infozamoraec.com\/index.php\/wp-json\/wp\/v2\/comments?post=11907"}],"version-history":[{"count":1,"href":"https:\/\/infozamoraec.com\/index.php\/wp-json\/wp\/v2\/posts\/11907\/revisions"}],"predecessor-version":[{"id":11909,"href":"https:\/\/infozamoraec.com\/index.php\/wp-json\/wp\/v2\/posts\/11907\/revisions\/11909"}],"wp:featuredmedia":[{"embeddable":true,"href":"https:\/\/infozamoraec.com\/index.php\/wp-json\/wp\/v2\/media\/11908"}],"wp:attachment":[{"href":"https:\/\/infozamoraec.com\/index.php\/wp-json\/wp\/v2\/media?parent=11907"}],"wp:term":[{"taxonomy":"category","embeddable":true,"href":"https:\/\/infozamoraec.com\/index.php\/wp-json\/wp\/v2\/categories?post=11907"},{"taxonomy":"post_tag","embeddable":true,"href":"https:\/\/infozamoraec.com\/index.php\/wp-json\/wp\/v2\/tags?post=11907"}],"curies":[{"name":"wp","href":"https:\/\/api.w.org\/{rel}","templated":true}]}}