{"id":11904,"date":"2025-05-02T02:00:55","date_gmt":"2025-05-02T02:00:55","guid":{"rendered":"https:\/\/infozamoraec.com\/?p=11904"},"modified":"2025-05-02T02:00:55","modified_gmt":"2025-05-02T02:00:55","slug":"verduga-afirma-que-su-abogado-lo-dejo-solo-en-caso-ligados","status":"publish","type":"post","link":"https:\/\/infozamoraec.com\/index.php\/2025\/05\/02\/verduga-afirma-que-su-abogado-lo-dejo-solo-en-caso-ligados\/","title":{"rendered":"Verduga afirma que su abogado lo dej\u00f3 solo en caso \u2018Ligados\u2019"},"content":{"rendered":"<p>Desde el exterior,\u00a0<strong><a title=\"\" href=\"https:\/\/www.larepublica.ec\/blog\/2025\/04\/29\/desde-el-exterior-augusto-verduga-contradice-a-luisa-y-niega-haber-grabado-conversaciones\/\" target=\"_blank\" rel=\"noopener\">el exconsejero del\u00a0Consejo de Participaci\u00f3n Ciudadana y Control Social (CPCCS)<\/a><\/strong>,\u00a0<strong><a href=\"https:\/\/x.com\/VerdugaAugusto\" target=\"_blank\">Augusto Verduga,<\/a><\/strong>\u00a0asegur\u00f3 este jueves, 1 de mayo, a las 11:31,\u00a0<strong>textualmente en la red social X que su abogado Ismael Merizalde present\u00f3 su renuncia irrevocable y ya no lo defender\u00e1 en el caso \u2018Ligados\u2019.<\/strong><\/p>\n<p>Seg\u00fan\u00a0<strong><a href=\"https:\/\/x.com\/VerdugaAugusto\" target=\"_blank\">Verduga<\/a><\/strong>,\u00a0<strong>\u00abCon autorizaci\u00f3n de mi exabogado-defensor, hago p\u00fablico el correo en el que me comunica su decisi\u00f3n de apartarse de mi defensa legal en el caso \u00abLigados\u00bb. Este mensaje revela el nivel de manipulaci\u00f3n con el que la Fiscal\u00eda ha venido conduciendo sus actuaciones investigativas\u00bb.<\/strong><\/p>\n<p>\u00abEstoy enfrentando un proceso que parece m\u00e1s una cr\u00f3nica de una sentencia ya escrita que una b\u00fasqueda genuina de justicia. Desde hace tiempo, he solicitado acceso a los famosos audios, sin obtener respuesta. Parad\u00f3jicamente, medios de comunicaci\u00f3n que no forman parte del proceso accedieron a ese material desde hace semanas\u00bb, afirm\u00f3.<\/p>\n<p>\u00abEsto demuestra la existencia de un tratamiento desigual e injusto. Este proceso no es m\u00e1s que una farsa, parte de una estrategia de acoso y desgaste, que busca estigmatizar y dividir. No existe voluntad real de esclarecer los hechos ni de alcanzar la verdad procesal\u00bb, se\u00f1al\u00f3.<\/p>\n<p>\u00abEs el mismo libreto ya conocido en otros casos marcados por el lawfare, bajo la direcci\u00f3n de la fiscal Salazar y la jueza Camacho. Como bien se\u00f1ala Ismael en su correo, las audiencias privadas de \u00abextracci\u00f3n\u00bb de informaci\u00f3n no han sido tales\u00bb, coment\u00f3.<\/p>\n<p>\u00abLos dispositivos incautados han sido simplemente exhibidos, mientras que, el supuesto proceso de extracci\u00f3n de datos se ha manejado en completo secreto. Esta irregularidad tambi\u00e9n se repite en el caso del celular de Eduardo Franco Loor, como \u00e9l lo detalla en su correo\u00bb, precis\u00f3.<\/p>\n<p>\u00abLa ciudadan\u00eda, no familiarizada con procesos judiciales, debe entender que estas pr\u00e1cticas violan las normas m\u00e1s elementales de la cadena de custodia y de la pericia forense. Todo este procedimiento resulta burdo, grotesco y alarmante\u00bb, opin\u00f3.<\/p>\n<p>\u00abPor lo dem\u00e1s, seguir\u00e9 ejerciendo mi propia defensa, plenamente consciente de que la Fiscal\u00eda contin\u00faa vulnerando de manera sistem\u00e1tica el principio de objetividad consagrado en el art\u00edculo 5, numeral 21, del C\u00f3digo Org\u00e1nico Integral Penal (COIP)\u00bb, indic\u00f3.<\/p>\n","protected":false},"excerpt":{"rendered":"<p>Desde el exterior,\u00a0el exconsejero del\u00a0Consejo de Participaci\u00f3n Ciudadana y Control Social (CPCCS),\u00a0Augusto Verduga,\u00a0asegur\u00f3 este jueves, 1 de mayo, a las 11:31,\u00a0textualmente en la red social X que su abogado Ismael Merizalde present\u00f3 su renuncia irrevocable y ya no lo defender\u00e1 en el caso \u2018Ligados\u2019. Seg\u00fan\u00a0Verduga,\u00a0\u00abCon autorizaci\u00f3n de mi exabogado-defensor, hago p\u00fablico el correo en el [&hellip;]<\/p>\n","protected":false},"author":1,"featured_media":11905,"comment_status":"open","ping_status":"open","sticky":false,"template":"","format":"standard","meta":{"footnotes":""},"categories":[12],"tags":[],"_links":{"self":[{"href":"https:\/\/infozamoraec.com\/index.php\/wp-json\/wp\/v2\/posts\/11904"}],"collection":[{"href":"https:\/\/infozamoraec.com\/index.php\/wp-json\/wp\/v2\/posts"}],"about":[{"href":"https:\/\/infozamoraec.com\/index.php\/wp-json\/wp\/v2\/types\/post"}],"author":[{"embeddable":true,"href":"https:\/\/infozamoraec.com\/index.php\/wp-json\/wp\/v2\/users\/1"}],"replies":[{"embeddable":true,"href":"https:\/\/infozamoraec.com\/index.php\/wp-json\/wp\/v2\/comments?post=11904"}],"version-history":[{"count":1,"href":"https:\/\/infozamoraec.com\/index.php\/wp-json\/wp\/v2\/posts\/11904\/revisions"}],"predecessor-version":[{"id":11906,"href":"https:\/\/infozamoraec.com\/index.php\/wp-json\/wp\/v2\/posts\/11904\/revisions\/11906"}],"wp:featuredmedia":[{"embeddable":true,"href":"https:\/\/infozamoraec.com\/index.php\/wp-json\/wp\/v2\/media\/11905"}],"wp:attachment":[{"href":"https:\/\/infozamoraec.com\/index.php\/wp-json\/wp\/v2\/media?parent=11904"}],"wp:term":[{"taxonomy":"category","embeddable":true,"href":"https:\/\/infozamoraec.com\/index.php\/wp-json\/wp\/v2\/categories?post=11904"},{"taxonomy":"post_tag","embeddable":true,"href":"https:\/\/infozamoraec.com\/index.php\/wp-json\/wp\/v2\/tags?post=11904"}],"curies":[{"name":"wp","href":"https:\/\/api.w.org\/{rel}","templated":true}]}}