{"id":11898,"date":"2025-05-02T01:54:55","date_gmt":"2025-05-02T01:54:55","guid":{"rendered":"https:\/\/infozamoraec.com\/?p=11898"},"modified":"2025-05-02T01:54:55","modified_gmt":"2025-05-02T01:54:55","slug":"sindicatos-de-zamora-marcharon-en-defensa-de-los-derechos-laborales-en-conmemoracion-del-1-de-mayo","status":"publish","type":"post","link":"https:\/\/infozamoraec.com\/index.php\/2025\/05\/02\/sindicatos-de-zamora-marcharon-en-defensa-de-los-derechos-laborales-en-conmemoracion-del-1-de-mayo\/","title":{"rendered":"Sindicatos de Zamora marcharon en defensa de los derechos laborales en conmemoraci\u00f3n del 1 de Mayo"},"content":{"rendered":"<p class=\"\" data-start=\"205\" data-end=\"617\">Con pancartas, consignas y esp\u00edritu de unidad, los sindicatos de Zamora Chinchipe conmemoraron el D\u00eda Internacional del Trabajo con una marcha por las principales calles de la ciudad. La movilizaci\u00f3n fue protagonizada por los trabajadores del Sindicato \u201c16 de Septiembre\u201d de la Federaci\u00f3n Deportiva de Zamora Chinchipe y el Sindicato \u00danico de Trabajadores del Gobierno Provincial.<\/p>\n<p class=\"\" data-start=\"619\" data-end=\"891\">La caminata inici\u00f3 en el parque central de Zamora y recorri\u00f3 varias arterias del casco urbano. Decenas de trabajadores participaron portando carteles y gritando consignas que exig\u00edan estabilidad laboral, condiciones dignas de trabajo y respeto a la organizaci\u00f3n sindical.<\/p>\n<p class=\"\" data-start=\"893\" data-end=\"1083\">\u201cEste d\u00eda es una oportunidad para recordar que los derechos laborales son fruto de d\u00e9cadas de lucha y que a\u00fan hay mucho por conquistar\u201d, manifest\u00f3 uno de los dirigentes durante el recorrido.<\/p>\n<p class=\"\" data-start=\"1085\" data-end=\"1549\">La jornada concluy\u00f3 frente a la Gobernaci\u00f3n de Zamora Chinchipe, donde los manifestantes fueron recibidos por el Intendente General de Polic\u00eda encargado, quien actu\u00f3 como delegado de la Gobernadora. En este espacio, representantes del sindicato de trabajadores de la Prefectura expusieron sus principales preocupaciones, destacando la necesidad de que el Gobierno Nacional atienda sus demandas relacionadas con el cumplimiento de derechos y obligaciones laborales.<\/p>\n<p class=\"\" data-start=\"1551\" data-end=\"1724\">El funcionario felicit\u00f3 la organizaci\u00f3n y compromiso de los trabajadores, y se comprometi\u00f3 a canalizar sus peticiones ante la m\u00e1xima autoridad del Ejecutivo en la provincia.<\/p>\n<p class=\"\" data-start=\"1726\" data-end=\"1921\">Esta marcha se suma a las m\u00faltiples expresiones de reivindicaci\u00f3n que, a nivel nacional e internacional, marcaron este 1 de Mayo, recordando la hist\u00f3rica lucha por la justicia y dignidad laboral.<\/p>\n","protected":false},"excerpt":{"rendered":"<p>Con pancartas, consignas y esp\u00edritu de unidad, los sindicatos de Zamora Chinchipe conmemoraron el D\u00eda Internacional del Trabajo con una marcha por las principales calles de la ciudad. La movilizaci\u00f3n fue protagonizada por los trabajadores del Sindicato \u201c16 de Septiembre\u201d de la Federaci\u00f3n Deportiva de Zamora Chinchipe y el Sindicato \u00danico de Trabajadores del Gobierno [&hellip;]<\/p>\n","protected":false},"author":1,"featured_media":11899,"comment_status":"open","ping_status":"open","sticky":false,"template":"","format":"standard","meta":{"footnotes":""},"categories":[9],"tags":[],"_links":{"self":[{"href":"https:\/\/infozamoraec.com\/index.php\/wp-json\/wp\/v2\/posts\/11898"}],"collection":[{"href":"https:\/\/infozamoraec.com\/index.php\/wp-json\/wp\/v2\/posts"}],"about":[{"href":"https:\/\/infozamoraec.com\/index.php\/wp-json\/wp\/v2\/types\/post"}],"author":[{"embeddable":true,"href":"https:\/\/infozamoraec.com\/index.php\/wp-json\/wp\/v2\/users\/1"}],"replies":[{"embeddable":true,"href":"https:\/\/infozamoraec.com\/index.php\/wp-json\/wp\/v2\/comments?post=11898"}],"version-history":[{"count":1,"href":"https:\/\/infozamoraec.com\/index.php\/wp-json\/wp\/v2\/posts\/11898\/revisions"}],"predecessor-version":[{"id":11900,"href":"https:\/\/infozamoraec.com\/index.php\/wp-json\/wp\/v2\/posts\/11898\/revisions\/11900"}],"wp:featuredmedia":[{"embeddable":true,"href":"https:\/\/infozamoraec.com\/index.php\/wp-json\/wp\/v2\/media\/11899"}],"wp:attachment":[{"href":"https:\/\/infozamoraec.com\/index.php\/wp-json\/wp\/v2\/media?parent=11898"}],"wp:term":[{"taxonomy":"category","embeddable":true,"href":"https:\/\/infozamoraec.com\/index.php\/wp-json\/wp\/v2\/categories?post=11898"},{"taxonomy":"post_tag","embeddable":true,"href":"https:\/\/infozamoraec.com\/index.php\/wp-json\/wp\/v2\/tags?post=11898"}],"curies":[{"name":"wp","href":"https:\/\/api.w.org\/{rel}","templated":true}]}}