{"id":11894,"date":"2025-05-02T01:49:46","date_gmt":"2025-05-02T01:49:46","guid":{"rendered":"https:\/\/infozamoraec.com\/?p=11894"},"modified":"2025-05-02T01:49:46","modified_gmt":"2025-05-02T01:49:46","slug":"paul-pineda-destaca-logros-y-retos-del-sector-minero-en-encuentro-academico-internacional-ecuador-chile","status":"publish","type":"post","link":"https:\/\/infozamoraec.com\/index.php\/2025\/05\/02\/paul-pineda-destaca-logros-y-retos-del-sector-minero-en-encuentro-academico-internacional-ecuador-chile\/","title":{"rendered":"Pa\u00fal Pineda destaca logros y retos del sector minero en encuentro acad\u00e9mico internacional Ecuador\u2013Chile"},"content":{"rendered":"<p class=\"\" data-start=\"306\" data-end=\"794\">Pa\u00fal Pineda, presidente de la C\u00e1mara de Miner\u00eda de Zamora Chinchipe, comparti\u00f3 detalles relevantes sobre su participaci\u00f3n en el Segundo Encuentro de Intercambio Acad\u00e9mico Internacional Ecuador\u2013Chile, desarrollado del 20 al 25 de abril. El evento, organizado por la Asociaci\u00f3n de Ingenieros de Minas del Ecuador (AIME), busc\u00f3 fortalecer los lazos entre la academia, los gremios profesionales y los representantes del sector minero de ambos pa\u00edses.<\/p>\n<p class=\"\" data-start=\"796\" data-end=\"1255\">Durante su intervenci\u00f3n, Pineda explic\u00f3 que la invitaci\u00f3n a este foro fue fruto de las gestiones interinstitucionales emprendidas desde su posesi\u00f3n como titular del gremio minero provincial. \u201cNuestro objetivo es claro: trabajar de forma articulada con el sector acad\u00e9mico para crear oportunidades de formaci\u00f3n, intercambio de conocimientos y acceso a buenas pr\u00e1cticas internacionales para los estudiantes y actores del sector minero de la provincia\u201d, expres\u00f3.<\/p>\n<p class=\"\" data-start=\"1257\" data-end=\"1642\">Pineda calific\u00f3 al encuentro como un \u201c\u00e9xito rotundo\u201d por la calidad de las ponencias y el ambiente propicio para el debate sobre pol\u00edticas p\u00fablicas, innovaci\u00f3n y desarrollo sustentable del sector minero. \u201cLa participaci\u00f3n de nuestros j\u00f3venes en este tipo de espacios les permite adquirir experiencia, conocer otras realidades y modelos m\u00e1s desarrollados en materia de miner\u00eda\u201d, a\u00f1adi\u00f3.<\/p>\n<p class=\"\" data-start=\"1644\" data-end=\"2130\">Uno de los momentos destacados de la agenda fue la visita a <strong data-start=\"1704\" data-end=\"1716\">Cochilco<\/strong> (Comisi\u00f3n Chilena del Cobre), entidad estatal que ejerce control y trazabilidad sobre los recursos minerales del pa\u00eds andino. Pineda enfatiz\u00f3 la necesidad de replicar modelos similares en Ecuador, donde, seg\u00fan se\u00f1al\u00f3, \u201cla falta de control estatal, la corrupci\u00f3n en ministerios estrat\u00e9gicos y la escasa trazabilidad de los recursos comprometen los beneficios que la miner\u00eda deber\u00eda aportar al desarrollo nacional\u201d.<\/p>\n<p class=\"\" data-start=\"2132\" data-end=\"2555\">Otro punto relevante del encuentro fue la experiencia con la <strong data-start=\"2193\" data-end=\"2241\">Empresa Nacional de Miner\u00eda de Chile (ENAMI)<\/strong>, que fortalece a la peque\u00f1a miner\u00eda mediante la compra estatal del mineral, generando confianza entre el minero y el Estado. En contraste, Pineda fue cr\u00edtico con la ENAMI ecuatoriana, aludiendo a denuncias sobre presuntas irregularidades administrativas que habr\u00edan motivado la reciente renuncia de su presidente.<\/p>\n<p class=\"\" data-start=\"2557\" data-end=\"2798\">El dirigente minero concluy\u00f3 que este tipo de intercambios son clave para el futuro de la miner\u00eda ecuatoriana, al permitir incorporar est\u00e1ndares internacionales que contribuyan a un desarrollo m\u00e1s justo, transparente y sostenible del sector.<\/p>\n","protected":false},"excerpt":{"rendered":"<p>Pa\u00fal Pineda, presidente de la C\u00e1mara de Miner\u00eda de Zamora Chinchipe, comparti\u00f3 detalles relevantes sobre su participaci\u00f3n en el Segundo Encuentro de Intercambio Acad\u00e9mico Internacional Ecuador\u2013Chile, desarrollado del 20 al 25 de abril. El evento, organizado por la Asociaci\u00f3n de Ingenieros de Minas del Ecuador (AIME), busc\u00f3 fortalecer los lazos entre la academia, los gremios [&hellip;]<\/p>\n","protected":false},"author":1,"featured_media":11895,"comment_status":"open","ping_status":"open","sticky":false,"template":"","format":"standard","meta":{"footnotes":""},"categories":[9],"tags":[],"_links":{"self":[{"href":"https:\/\/infozamoraec.com\/index.php\/wp-json\/wp\/v2\/posts\/11894"}],"collection":[{"href":"https:\/\/infozamoraec.com\/index.php\/wp-json\/wp\/v2\/posts"}],"about":[{"href":"https:\/\/infozamoraec.com\/index.php\/wp-json\/wp\/v2\/types\/post"}],"author":[{"embeddable":true,"href":"https:\/\/infozamoraec.com\/index.php\/wp-json\/wp\/v2\/users\/1"}],"replies":[{"embeddable":true,"href":"https:\/\/infozamoraec.com\/index.php\/wp-json\/wp\/v2\/comments?post=11894"}],"version-history":[{"count":2,"href":"https:\/\/infozamoraec.com\/index.php\/wp-json\/wp\/v2\/posts\/11894\/revisions"}],"predecessor-version":[{"id":11897,"href":"https:\/\/infozamoraec.com\/index.php\/wp-json\/wp\/v2\/posts\/11894\/revisions\/11897"}],"wp:featuredmedia":[{"embeddable":true,"href":"https:\/\/infozamoraec.com\/index.php\/wp-json\/wp\/v2\/media\/11895"}],"wp:attachment":[{"href":"https:\/\/infozamoraec.com\/index.php\/wp-json\/wp\/v2\/media?parent=11894"}],"wp:term":[{"taxonomy":"category","embeddable":true,"href":"https:\/\/infozamoraec.com\/index.php\/wp-json\/wp\/v2\/categories?post=11894"},{"taxonomy":"post_tag","embeddable":true,"href":"https:\/\/infozamoraec.com\/index.php\/wp-json\/wp\/v2\/tags?post=11894"}],"curies":[{"name":"wp","href":"https:\/\/api.w.org\/{rel}","templated":true}]}}