{"id":11886,"date":"2025-05-01T20:23:29","date_gmt":"2025-05-01T20:23:29","guid":{"rendered":"https:\/\/infozamoraec.com\/?p=11886"},"modified":"2025-05-01T20:24:42","modified_gmt":"2025-05-01T20:24:42","slug":"zamora-aislan-a-dos-menores-por-tenencia-y-porte-de-arma-de-fuego-en-una-unidad-educativa","status":"publish","type":"post","link":"https:\/\/infozamoraec.com\/index.php\/2025\/05\/01\/zamora-aislan-a-dos-menores-por-tenencia-y-porte-de-arma-de-fuego-en-una-unidad-educativa\/","title":{"rendered":"Zamora: A\u00edslan a dos menores por tenencia y porte de arma de fuego en una unidad educativa"},"content":{"rendered":"<p class=\"\" data-start=\"189\" data-end=\"497\">La ma\u00f1ana de este jueves 01 de mayo,\u00a0 dos adolescentes fueron aislados por <strong data-start=\"358\" data-end=\"398\">tenencia y porte de un arma de fuego<\/strong> en el interior del <strong data-start=\"418\" data-end=\"451\">Colegio San Francisco de As\u00eds<\/strong>, ubicado en el centro de la ciudad de Zamora.<\/p>\n<p class=\"\" data-start=\"499\" data-end=\"876\">La alerta se gener\u00f3 cerca\u00a0 de las 10h30, luego de que el ECU-911 informara sobre una posible amenaza dentro del plantel educativo. Al llegar al lugar, efectivos policiales tomaron contacto con las autoridacdfes educativas\u00a0 y funcionarios del Departamento de Consejer\u00eda Estudiantil (DECE), quienes inform\u00f3 que hab\u00eda recibido una denuncia an\u00f3nima se\u00f1alando que un estudiante portaba un arma.<\/p>\n<p class=\"\" data-start=\"878\" data-end=\"1263\">Los agentes, en coordinaci\u00f3n con personal de la instituci\u00f3n, inspeccionaron la mochila de un adolescente \u00a0de 15 a\u00f1os,\u00a0 quien portaba un <strong data-start=\"1033\" data-end=\"1060\">rev\u00f3lver tipo Zoraki R1<\/strong>, envuelto en una tela blanca. El joven habr\u00eda indicado que el arma se la entreg\u00f3 otro compa\u00f1ero de 14 a\u00f1os, y que planeaban deshacerse de ella al final de la jornada.<\/p>\n<p class=\"\" data-start=\"1265\" data-end=\"1667\">El procedimiento fue reforzado por personal de <strong data-start=\"1312\" data-end=\"1340\">Criminal\u00edstica y DINAPEN<\/strong>, quienes constataron la existencia del arma e iniciaron el protocolo de aislamiento de los adolescentes.<\/p>\n","protected":false},"excerpt":{"rendered":"<p>La ma\u00f1ana de este jueves 01 de mayo,\u00a0 dos adolescentes fueron aislados por tenencia y porte de un arma de fuego en el interior del Colegio San Francisco de As\u00eds, ubicado en el centro de la ciudad de Zamora. La alerta se gener\u00f3 cerca\u00a0 de las 10h30, luego de que el ECU-911 informara sobre una [&hellip;]<\/p>\n","protected":false},"author":1,"featured_media":11887,"comment_status":"open","ping_status":"open","sticky":false,"template":"","format":"standard","meta":{"footnotes":""},"categories":[9],"tags":[],"_links":{"self":[{"href":"https:\/\/infozamoraec.com\/index.php\/wp-json\/wp\/v2\/posts\/11886"}],"collection":[{"href":"https:\/\/infozamoraec.com\/index.php\/wp-json\/wp\/v2\/posts"}],"about":[{"href":"https:\/\/infozamoraec.com\/index.php\/wp-json\/wp\/v2\/types\/post"}],"author":[{"embeddable":true,"href":"https:\/\/infozamoraec.com\/index.php\/wp-json\/wp\/v2\/users\/1"}],"replies":[{"embeddable":true,"href":"https:\/\/infozamoraec.com\/index.php\/wp-json\/wp\/v2\/comments?post=11886"}],"version-history":[{"count":3,"href":"https:\/\/infozamoraec.com\/index.php\/wp-json\/wp\/v2\/posts\/11886\/revisions"}],"predecessor-version":[{"id":11890,"href":"https:\/\/infozamoraec.com\/index.php\/wp-json\/wp\/v2\/posts\/11886\/revisions\/11890"}],"wp:featuredmedia":[{"embeddable":true,"href":"https:\/\/infozamoraec.com\/index.php\/wp-json\/wp\/v2\/media\/11887"}],"wp:attachment":[{"href":"https:\/\/infozamoraec.com\/index.php\/wp-json\/wp\/v2\/media?parent=11886"}],"wp:term":[{"taxonomy":"category","embeddable":true,"href":"https:\/\/infozamoraec.com\/index.php\/wp-json\/wp\/v2\/categories?post=11886"},{"taxonomy":"post_tag","embeddable":true,"href":"https:\/\/infozamoraec.com\/index.php\/wp-json\/wp\/v2\/tags?post=11886"}],"curies":[{"name":"wp","href":"https:\/\/api.w.org\/{rel}","templated":true}]}}