{"id":11873,"date":"2025-05-01T01:32:27","date_gmt":"2025-05-01T01:32:27","guid":{"rendered":"https:\/\/infozamoraec.com\/?p=11873"},"modified":"2025-05-01T01:32:27","modified_gmt":"2025-05-01T01:32:27","slug":"desde-la-segunda-quincena-de-mayo-disminuiran-las-lluvias-indica-inamhi","status":"publish","type":"post","link":"https:\/\/infozamoraec.com\/index.php\/2025\/05\/01\/desde-la-segunda-quincena-de-mayo-disminuiran-las-lluvias-indica-inamhi\/","title":{"rendered":"Desde la segunda quincena de mayo disminuir\u00e1n las lluvias, indica Inamhi"},"content":{"rendered":"<div class=\"cp-excerpt-xl\">\n<p>El Instituto Nacional de Meteorolog\u00eda e Hidrolog\u00eda (Inamhi) indica este mi\u00e9rcoles, 30 de abril de 2025,\u00a0<strong>que desde la segunda quincena de mayo disminuir\u00e1n las lluvias en varias regiones del pa\u00eds<\/strong>.<\/p>\n<p>La entidad explica que dentro de dos semanas, varias regiones del pa\u00eds entrar\u00e1n en un periodo de transici\u00f3n clim\u00e1tica,\u00a0<strong>marcando el paso de la estaci\u00f3n lluviosa a condiciones con limitada presencia de lluvias<\/strong>.<\/p>\n<p>Durante el pico de la temporada de lluvias, comprendida entre febrero y abril de 2025, se registraron acumulados significativos de lluvias en distintas zonas del pa\u00eds, como resultado de la influencia directa de sistemas atmosf\u00e9ricos y oce\u00e1nicos.<\/p>\n<p>Sin embargo, se prev\u00e9 que estos sistemas comiencen a debilitarse progresivamente, lo que dar\u00e1 lugar a una disminuci\u00f3n en la frecuencia e intensidad de las precipitaciones,\u00a0<strong>especialmente en las islas Gal\u00e1pagos, la regi\u00f3n Litoral y el Callej\u00f3n Interandino (zonas occidental y central)<\/strong>, explica el Inamhi.<\/p>\n<p>En todo caso la entidad puntualiza que este proceso de transici\u00f3n no representa la ausencia total de lluvias, sino un cambio gradual hacia un r\u00e9gimen menos intenso, caracter\u00edstico de esta \u00e9poca del a\u00f1o.<\/p>\n<p>El Inamhi agrega que mantendr\u00e1 el monitoreo permanente de las condiciones atmosf\u00e9ricas y continuar\u00e1 generando informaci\u00f3n oportuna que contribuya a una adecuada toma de decisiones por parte de autoridades y ciudadan\u00eda<\/p>\n<p>&nbsp;<\/p>\n<\/div>\n","protected":false},"excerpt":{"rendered":"<p>El Instituto Nacional de Meteorolog\u00eda e Hidrolog\u00eda (Inamhi) indica este mi\u00e9rcoles, 30 de abril de 2025,\u00a0que desde la segunda quincena de mayo disminuir\u00e1n las lluvias en varias regiones del pa\u00eds. La entidad explica que dentro de dos semanas, varias regiones del pa\u00eds entrar\u00e1n en un periodo de transici\u00f3n clim\u00e1tica,\u00a0marcando el paso de la estaci\u00f3n lluviosa [&hellip;]<\/p>\n","protected":false},"author":1,"featured_media":11874,"comment_status":"open","ping_status":"open","sticky":false,"template":"","format":"standard","meta":{"footnotes":""},"categories":[12],"tags":[],"_links":{"self":[{"href":"https:\/\/infozamoraec.com\/index.php\/wp-json\/wp\/v2\/posts\/11873"}],"collection":[{"href":"https:\/\/infozamoraec.com\/index.php\/wp-json\/wp\/v2\/posts"}],"about":[{"href":"https:\/\/infozamoraec.com\/index.php\/wp-json\/wp\/v2\/types\/post"}],"author":[{"embeddable":true,"href":"https:\/\/infozamoraec.com\/index.php\/wp-json\/wp\/v2\/users\/1"}],"replies":[{"embeddable":true,"href":"https:\/\/infozamoraec.com\/index.php\/wp-json\/wp\/v2\/comments?post=11873"}],"version-history":[{"count":1,"href":"https:\/\/infozamoraec.com\/index.php\/wp-json\/wp\/v2\/posts\/11873\/revisions"}],"predecessor-version":[{"id":11875,"href":"https:\/\/infozamoraec.com\/index.php\/wp-json\/wp\/v2\/posts\/11873\/revisions\/11875"}],"wp:featuredmedia":[{"embeddable":true,"href":"https:\/\/infozamoraec.com\/index.php\/wp-json\/wp\/v2\/media\/11874"}],"wp:attachment":[{"href":"https:\/\/infozamoraec.com\/index.php\/wp-json\/wp\/v2\/media?parent=11873"}],"wp:term":[{"taxonomy":"category","embeddable":true,"href":"https:\/\/infozamoraec.com\/index.php\/wp-json\/wp\/v2\/categories?post=11873"},{"taxonomy":"post_tag","embeddable":true,"href":"https:\/\/infozamoraec.com\/index.php\/wp-json\/wp\/v2\/tags?post=11873"}],"curies":[{"name":"wp","href":"https:\/\/api.w.org\/{rel}","templated":true}]}}