{"id":11863,"date":"2025-05-01T01:24:00","date_gmt":"2025-05-01T01:24:00","guid":{"rendered":"https:\/\/infozamoraec.com\/?p=11863"},"modified":"2025-05-01T01:24:00","modified_gmt":"2025-05-01T01:24:00","slug":"el-correismo-dice-que-las-bases-militares-extranjeras-traeran-un-aumento-en-el-crimen","status":"publish","type":"post","link":"https:\/\/infozamoraec.com\/index.php\/2025\/05\/01\/el-correismo-dice-que-las-bases-militares-extranjeras-traeran-un-aumento-en-el-crimen\/","title":{"rendered":"El corre\u00edsmo dice que las bases militares extranjeras traer\u00e1n un aumento en el crimen"},"content":{"rendered":"<p>La bancada de la\u00a0<strong><a title=\"\" href=\"https:\/\/x.com\/RC5Oficial\" target=\"_blank\">Revoluci\u00f3n Ciudadana (RC5)<\/a><\/strong>\u00a0expres\u00f3 este mi\u00e9rcoles, 30 de abril, a las 11:14, mediante un comunicado oficial v\u00eda X, su malestar luego que el bloque oficialista\u00a0<strong><a title=\"\" href=\"https:\/\/www.larepublica.ec\/blog\/2025\/04\/30\/loffredo-y-reinberg-visitan-carcel-de-el-salvador-construida-por-bukele\/\" target=\"_blank\" rel=\"noopener\">Acci\u00f3n Democr\u00e1tica Nacional (ADN7)<\/a><\/strong>\u00a0<strong>consiguiera la aprobaci\u00f3n del informe que permitir\u00e1 debatir una reforma al art\u00edculo 5 de la Constituci\u00f3n para autorizar bases militares extranjeras en Ecuador.<\/strong><\/p>\n<p>El corre\u00edsmo acus\u00f3, sin pruebas, que de llegarse a ejecutar este proyecto impulsado por el presidente de la Rep\u00fablica reelecto,\u00a0<strong>Daniel Noboa<\/strong>, se incrementar\u00e1 en el pa\u00eds \u00ab<strong>la violencia sexual<\/strong>\u00bb y \u00ab<strong>la prostituci\u00f3n<\/strong>\u00ab, as\u00ed como el<strong>\u00a0\u00abhundimiento de embarcaciones pesqueras<\/strong>\u00ab, en Manta, Manab\u00ed, y que los soldados extranjeros \u00ab<strong>solapar\u00e1n actos criminales\u00bb.<\/strong><\/p>\n<p>El informe fue aprobado con cuatro votos a positivos y dos negativos. Los esca\u00f1os en contra provinieron de<strong>\u00a0Gissela Garz\u00f3n<\/strong>, presidenta de la Comisi\u00f3n Ocasional y representante de la RC5, as\u00ed como de\u00a0<strong>Arturo Ugsha<\/strong>, de Unidad Popular. Mientras tanto,\u00a0<strong>Mariana Yumbay<\/strong>, de Pachakutik, no estuvo presente en la votaci\u00f3n.<\/p>\n<p><strong>\u00abMe niego a que eliminen la prohibici\u00f3n de instalar bases militares extranjeras en nuestro suelo porque\u00a0no ser\u00e1 solo una base: ser\u00e1 una rendici\u00f3n geopol\u00edtica, una renuncia hist\u00f3rica, una mentira m\u00e1s para un pueblo que solo quiere volver a vivir, con dignidad y en paz\u00bb,<\/strong>\u00a0juzg\u00f3 Garz\u00f3n en las redes sociales, el pasado martes, 29 del presente mes.<\/p>\n","protected":false},"excerpt":{"rendered":"<p>La bancada de la\u00a0Revoluci\u00f3n Ciudadana (RC5)\u00a0expres\u00f3 este mi\u00e9rcoles, 30 de abril, a las 11:14, mediante un comunicado oficial v\u00eda X, su malestar luego que el bloque oficialista\u00a0Acci\u00f3n Democr\u00e1tica Nacional (ADN7)\u00a0consiguiera la aprobaci\u00f3n del informe que permitir\u00e1 debatir una reforma al art\u00edculo 5 de la Constituci\u00f3n para autorizar bases militares extranjeras en Ecuador. El corre\u00edsmo acus\u00f3, [&hellip;]<\/p>\n","protected":false},"author":1,"featured_media":11864,"comment_status":"open","ping_status":"open","sticky":false,"template":"","format":"standard","meta":{"footnotes":""},"categories":[12],"tags":[],"_links":{"self":[{"href":"https:\/\/infozamoraec.com\/index.php\/wp-json\/wp\/v2\/posts\/11863"}],"collection":[{"href":"https:\/\/infozamoraec.com\/index.php\/wp-json\/wp\/v2\/posts"}],"about":[{"href":"https:\/\/infozamoraec.com\/index.php\/wp-json\/wp\/v2\/types\/post"}],"author":[{"embeddable":true,"href":"https:\/\/infozamoraec.com\/index.php\/wp-json\/wp\/v2\/users\/1"}],"replies":[{"embeddable":true,"href":"https:\/\/infozamoraec.com\/index.php\/wp-json\/wp\/v2\/comments?post=11863"}],"version-history":[{"count":1,"href":"https:\/\/infozamoraec.com\/index.php\/wp-json\/wp\/v2\/posts\/11863\/revisions"}],"predecessor-version":[{"id":11865,"href":"https:\/\/infozamoraec.com\/index.php\/wp-json\/wp\/v2\/posts\/11863\/revisions\/11865"}],"wp:featuredmedia":[{"embeddable":true,"href":"https:\/\/infozamoraec.com\/index.php\/wp-json\/wp\/v2\/media\/11864"}],"wp:attachment":[{"href":"https:\/\/infozamoraec.com\/index.php\/wp-json\/wp\/v2\/media?parent=11863"}],"wp:term":[{"taxonomy":"category","embeddable":true,"href":"https:\/\/infozamoraec.com\/index.php\/wp-json\/wp\/v2\/categories?post=11863"},{"taxonomy":"post_tag","embeddable":true,"href":"https:\/\/infozamoraec.com\/index.php\/wp-json\/wp\/v2\/tags?post=11863"}],"curies":[{"name":"wp","href":"https:\/\/api.w.org\/{rel}","templated":true}]}}