{"id":11859,"date":"2025-05-01T01:21:20","date_gmt":"2025-05-01T01:21:20","guid":{"rendered":"https:\/\/infozamoraec.com\/?p=11859"},"modified":"2025-05-01T01:21:20","modified_gmt":"2025-05-01T01:21:20","slug":"la-junta-y-la-delegacion-electoral-entregaran-credenciales-a-las-autoridades-electas-por-la-provincia","status":"publish","type":"post","link":"https:\/\/infozamoraec.com\/index.php\/2025\/05\/01\/la-junta-y-la-delegacion-electoral-entregaran-credenciales-a-las-autoridades-electas-por-la-provincia\/","title":{"rendered":"La Junta y la Delegaci\u00f3n Electoral entregar\u00e1n credenciales a las autoridades electas por la provincia"},"content":{"rendered":"<p>Una vez finalizado el 100% del procesamiento de las actas de escrutinio de las\u00a0Elecciones Generales 2025 de la Segunda Vuelta, la Junta y la Delegaci\u00f3n Provincial Electoral de Zamora Chinchipe de acuerdo al Art.166 del\u00a0C\u00f3digo de la Democracia han determinado ya la fecha para la entrega de credenciales a las autoridades electas en la provincia.<\/p>\n<p>En este sentido, el pr\u00f3ximo martes 6 de mayo, en el sal\u00f3n del Pueblo \u201cV\u00edctor Rodr\u00edguez\u201d, del Gobierno Provincial de Zamora Chinchipe, a partir de las 15h00, se realizar\u00e1 la entrega de credenciales a los 2 Asamble\u00edstas Provinciales electos.<\/p>\n<p>Andrea Palma, presidenta de la Junta Provincial indic\u00f3 que se entregaran 2 nombramientos a las autoridades electas el 13 de abril, reflej\u00e1ndose la decisi\u00f3n del pueblo en las urnas de una manera trasparente y responsable de parte de los electores.<\/p>\n<p><strong>DATO IMPORTANTE<\/strong><\/p>\n<p>Con la posesi\u00f3n de las autoridades, se considera concluido el proceso electoral.<\/p>\n","protected":false},"excerpt":{"rendered":"<p>Una vez finalizado el 100% del procesamiento de las actas de escrutinio de las\u00a0Elecciones Generales 2025 de la Segunda Vuelta, la Junta y la Delegaci\u00f3n Provincial Electoral de Zamora Chinchipe de acuerdo al Art.166 del\u00a0C\u00f3digo de la Democracia han determinado ya la fecha para la entrega de credenciales a las autoridades electas en la provincia. [&hellip;]<\/p>\n","protected":false},"author":1,"featured_media":11860,"comment_status":"open","ping_status":"open","sticky":false,"template":"","format":"standard","meta":{"footnotes":""},"categories":[9],"tags":[],"_links":{"self":[{"href":"https:\/\/infozamoraec.com\/index.php\/wp-json\/wp\/v2\/posts\/11859"}],"collection":[{"href":"https:\/\/infozamoraec.com\/index.php\/wp-json\/wp\/v2\/posts"}],"about":[{"href":"https:\/\/infozamoraec.com\/index.php\/wp-json\/wp\/v2\/types\/post"}],"author":[{"embeddable":true,"href":"https:\/\/infozamoraec.com\/index.php\/wp-json\/wp\/v2\/users\/1"}],"replies":[{"embeddable":true,"href":"https:\/\/infozamoraec.com\/index.php\/wp-json\/wp\/v2\/comments?post=11859"}],"version-history":[{"count":2,"href":"https:\/\/infozamoraec.com\/index.php\/wp-json\/wp\/v2\/posts\/11859\/revisions"}],"predecessor-version":[{"id":11862,"href":"https:\/\/infozamoraec.com\/index.php\/wp-json\/wp\/v2\/posts\/11859\/revisions\/11862"}],"wp:featuredmedia":[{"embeddable":true,"href":"https:\/\/infozamoraec.com\/index.php\/wp-json\/wp\/v2\/media\/11860"}],"wp:attachment":[{"href":"https:\/\/infozamoraec.com\/index.php\/wp-json\/wp\/v2\/media?parent=11859"}],"wp:term":[{"taxonomy":"category","embeddable":true,"href":"https:\/\/infozamoraec.com\/index.php\/wp-json\/wp\/v2\/categories?post=11859"},{"taxonomy":"post_tag","embeddable":true,"href":"https:\/\/infozamoraec.com\/index.php\/wp-json\/wp\/v2\/tags?post=11859"}],"curies":[{"name":"wp","href":"https:\/\/api.w.org\/{rel}","templated":true}]}}