{"id":11856,"date":"2025-05-01T01:19:28","date_gmt":"2025-05-01T01:19:28","guid":{"rendered":"https:\/\/infozamoraec.com\/?p=11856"},"modified":"2025-05-01T01:19:28","modified_gmt":"2025-05-01T01:19:28","slug":"marcha-pacifica-y-cierre-vial-en-yantzaza-exigen-soluciones-frente-a-la-mineria-ilegal-y-la-inseguridad","status":"publish","type":"post","link":"https:\/\/infozamoraec.com\/index.php\/2025\/05\/01\/marcha-pacifica-y-cierre-vial-en-yantzaza-exigen-soluciones-frente-a-la-mineria-ilegal-y-la-inseguridad\/","title":{"rendered":"Marcha pac\u00edfica y cierre vial en Yantzaza exigen soluciones frente a la miner\u00eda ilegal y la inseguridad"},"content":{"rendered":"<p class=\"\" data-start=\"201\" data-end=\"648\">La ma\u00f1ana y noche del mi\u00e9rcoles 30 de abril, habitantes del cant\u00f3n Yantzaza protagonizaron una jornada de protesta en rechazo a la miner\u00eda ilegal y a la creciente inseguridad que afecta a diversos sectores del cant\u00f3n. La jornada inici\u00f3 con una marcha pac\u00edfica y multitudinaria que recorri\u00f3 las calles principales de la ciudad y culmin\u00f3 con el cierre de la V\u00eda Troncal Amaz\u00f3nica, a la altura del sector Piedra Liza.<\/p>\n<p class=\"\" data-start=\"650\" data-end=\"1138\">Barrios como La Floresta, La Florida, Gran Colombia, Playa Rica, Piedra Liza y otros se unieron en una sola voz para exigir atenci\u00f3n inmediata por parte de las autoridades del Gobierno Nacional y los organismos de control. Los manifestantes denunciaron que la miner\u00eda ilegal, intensificada desde hace m\u00e1s de medio a\u00f1o, ha generado impactos negativos en las riberas del r\u00edo Zamora, con desplazamientos de tierra, contaminaci\u00f3n ambiental y la amenaza de desbordamiento hacia zonas pobladas.<\/p>\n<p class=\"\" data-start=\"1140\" data-end=\"1523\">\u201cNos est\u00e1n dejando sin tierras para producir. Aqu\u00ed sembramos yuca, pl\u00e1tano, ma\u00edz, frejol, papaya, cacao\u2026 de todo. Ya no tenemos escuela, no tenemos luz ni v\u00eda. Nos est\u00e1n destruyendo\u201d, expres\u00f3 entre l\u00e1grimas una moradora del sector durante la protesta. Otro manifestante advirti\u00f3 que \u201cel r\u00edo est\u00e1 cambiando su curso y eso podr\u00eda arrasar barrios enteros como La Florida y La Floresta\u201d.<\/p>\n<p class=\"\" data-start=\"1525\" data-end=\"1972\">La jornada tambi\u00e9n estuvo marcada por graves denuncias de inacci\u00f3n institucional. Representantes del <strong data-start=\"1626\" data-end=\"1677\">Frente en Defensa de las Riberas del R\u00edo Zamora<\/strong> aseguraron que han presentado denuncias ante la Fiscal\u00eda, el Ministerio del Ambiente y ARCOM, sin recibir una respuesta efectiva. \u201cCuando vienen los controles, las m\u00e1quinas ya no est\u00e1n. Alguien les avisa. Hay corresponsabilidad en las instituciones del Estado\u201d, se\u00f1al\u00f3 el secretario del Frente.<\/p>\n<p class=\"\" data-start=\"1974\" data-end=\"2465\">Por su parte, el jefe pol\u00edtico del cant\u00f3n reconoci\u00f3 el derecho a la resistencia ciudadana y confirm\u00f3 que se han cursado invitaciones a representantes del Ministerio del Ambiente y ARCOM para instalar mesas de di\u00e1logo. Sin embargo, hizo un llamado a mantener abiertas las v\u00edas de comunicaci\u00f3n y evitar acciones que afecten la libre movilidad: \u201cNo estamos en contra de la miner\u00eda. Estamos en contra de la miner\u00eda irresponsable que atenta contra el derecho a vivir en un ambiente sano\u201d, afirm\u00f3.<\/p>\n<p data-start=\"1974\" data-end=\"2465\"><strong>Retomaron el cierre de la v\u00eda<\/strong><\/p>\n<p class=\"\" data-start=\"177\" data-end=\"475\">La noche de este mi\u00e9rcoles, habitantes del cant\u00f3n Yantzaza volvieron a bloquear la V\u00eda Troncal Amaz\u00f3nica, a la altura del sector Piedra Lisa, en protesta por la inacci\u00f3n de las autoridades frente a la problem\u00e1tica de la miner\u00eda ilegal en las riberas del r\u00edo Zamora.<\/p>\n<p class=\"\" data-start=\"477\" data-end=\"776\">Los manifestantes expresaron su inconformidad ante la falta de presencia de la gobernadora de la provincia, Iv\u00f3n Panchi, quien hab\u00eda sido solicitada para conformar una mesa t\u00e9cnica de trabajo que permita analizar y proponer soluciones concretas frente a la actividad minera no autorizada en la zona.<\/p>\n<p class=\"\" data-start=\"778\" data-end=\"993\">La comunidad exige una intervenci\u00f3n estatal efectiva que detenga el avance de esta pr\u00e1ctica que, seg\u00fan se\u00f1alan, genera impactos negativos en el ambiente, la salud p\u00fablica y la seguridad de los territorios afectados.<\/p>\n","protected":false},"excerpt":{"rendered":"<p>La ma\u00f1ana y noche del mi\u00e9rcoles 30 de abril, habitantes del cant\u00f3n Yantzaza protagonizaron una jornada de protesta en rechazo a la miner\u00eda ilegal y a la creciente inseguridad que afecta a diversos sectores del cant\u00f3n. La jornada inici\u00f3 con una marcha pac\u00edfica y multitudinaria que recorri\u00f3 las calles principales de la ciudad y culmin\u00f3 [&hellip;]<\/p>\n","protected":false},"author":1,"featured_media":11857,"comment_status":"open","ping_status":"open","sticky":false,"template":"","format":"standard","meta":{"footnotes":""},"categories":[9],"tags":[],"_links":{"self":[{"href":"https:\/\/infozamoraec.com\/index.php\/wp-json\/wp\/v2\/posts\/11856"}],"collection":[{"href":"https:\/\/infozamoraec.com\/index.php\/wp-json\/wp\/v2\/posts"}],"about":[{"href":"https:\/\/infozamoraec.com\/index.php\/wp-json\/wp\/v2\/types\/post"}],"author":[{"embeddable":true,"href":"https:\/\/infozamoraec.com\/index.php\/wp-json\/wp\/v2\/users\/1"}],"replies":[{"embeddable":true,"href":"https:\/\/infozamoraec.com\/index.php\/wp-json\/wp\/v2\/comments?post=11856"}],"version-history":[{"count":1,"href":"https:\/\/infozamoraec.com\/index.php\/wp-json\/wp\/v2\/posts\/11856\/revisions"}],"predecessor-version":[{"id":11858,"href":"https:\/\/infozamoraec.com\/index.php\/wp-json\/wp\/v2\/posts\/11856\/revisions\/11858"}],"wp:featuredmedia":[{"embeddable":true,"href":"https:\/\/infozamoraec.com\/index.php\/wp-json\/wp\/v2\/media\/11857"}],"wp:attachment":[{"href":"https:\/\/infozamoraec.com\/index.php\/wp-json\/wp\/v2\/media?parent=11856"}],"wp:term":[{"taxonomy":"category","embeddable":true,"href":"https:\/\/infozamoraec.com\/index.php\/wp-json\/wp\/v2\/categories?post=11856"},{"taxonomy":"post_tag","embeddable":true,"href":"https:\/\/infozamoraec.com\/index.php\/wp-json\/wp\/v2\/tags?post=11856"}],"curies":[{"name":"wp","href":"https:\/\/api.w.org\/{rel}","templated":true}]}}