{"id":11834,"date":"2025-04-30T00:31:09","date_gmt":"2025-04-30T00:31:09","guid":{"rendered":"https:\/\/infozamoraec.com\/?p=11834"},"modified":"2025-04-30T00:31:09","modified_gmt":"2025-04-30T00:31:09","slug":"enfermedad-del-moko-afecta-a-2-700-hectareas-de-banano-en-los-rios","status":"publish","type":"post","link":"https:\/\/infozamoraec.com\/index.php\/2025\/04\/30\/enfermedad-del-moko-afecta-a-2-700-hectareas-de-banano-en-los-rios\/","title":{"rendered":"Enfermedad del moko afecta a 2.700 hect\u00e1reas de banano en Los R\u00edos"},"content":{"rendered":"<p>Alrededor de 2.700 hect\u00e1reas de banano de Los R\u00edos han sido identificadas con la afectaci\u00f3n de la enfermedad del moko, esto es entre el 3,5 % y 4 % del total de \u00e1rea sembrada en la provincia, indic\u00f3 Pa\u00fal Vera, director del Observatorio Estad\u00edstico de Banano de la Asociaci\u00f3n de Exportadores de Banano de Ecuador (AEBE), en el Encuentro Bananero 2025, Ecuador libre del moko.<\/p>\n<p>Este encuentro de dos d\u00edas, 29 y 30 de abril, se realiza en el Centro de Convenciones de Guayaquil Sim\u00f3n Bol\u00edvar y es organizado por Agarismal.<\/p>\n<p>El gerente general de esa empresa, Vicente Serrano, se\u00f1al\u00f3 que el objetivo del evento es unir al sector p\u00fablico y la empresa privada a los gremios para controlar una enfermedad que afecta al sector bananero y a todas las mus\u00e1ceas. \u201cLa idea es intercambiar opiniones y tratar de buscar soluciones, nuevas herramientas que den al agricultor para que puedan detener el avance de la enfermedad\u201d, dijo Serrano.<\/p>\n<p>Vera coment\u00f3 que esos datos son el resultado del proyecto Safe Banana, que les permiti\u00f3 identificar cu\u00e1les fueron las fincas que ten\u00edan vulnerabilidades para introducci\u00f3n de este tipo de pat\u00f3genos y para ello se han concentrado en dos:\u00a0<em>Fusarium<\/em>\u00a0raza 4 (FOC R4T) y moko. \u201cEn este momento hemos podido identificar cu\u00e1les son las fincas en Los R\u00edos que tienen moko (y) podemos hablar de alrededor de 2.700 hect\u00e1reas que hemos registrado que tienen afectaci\u00f3n\u201d, sostuvo.<\/p>\n<p>Ante ese panorama, indic\u00f3 que en Los R\u00edos ya trabajan en pr\u00e1cticas de desinfecci\u00f3n y bioseguridad.<\/p>\n<p>Y a\u00f1adi\u00f3 que tambi\u00e9n se ha identificado sembr\u00edos afectados en Guayas, pero es la menos impactada, menos de una hect\u00e1rea, sin embargo, considera que en esa provincia todav\u00eda se necesita fortalecer sus protocolos de bioseguridad.<\/p>\n<h2><strong>Iniap: M\u00e1s afectaci\u00f3n en zonas plataneras<\/strong><\/h2>\n<p>Por su parte, Ra\u00fal Jaramillo, director ejecutivo del Instituto Nacional de Investigaciones Agropecuarias (Iniap), indic\u00f3 que seg\u00fan los reportes de los t\u00e9cnicos, la enfermedad \u201cha progresado, se ha dispersado afectando a pr\u00e1cticamente todas las zonas plataneras del Ecuador\u201d y tambi\u00e9n ha afectado en algunas zonas con mucha importancia a la producci\u00f3n bananera y aparte a otras mus\u00e1ceas.<\/p>\n<p>En ese contexto, destac\u00f3 la importancia de la articulaci\u00f3n con la academia, con el Ministerio de Agricultura, con la Agencia de Regulaci\u00f3n y Control Fito y Zoosanitario (Agrocalidad) y el sector privado para llegar con soluciones y estrategias para el manejo del moko y otras enfermedades.<\/p>\n<p>&nbsp;<\/p>\n<p>Vera explic\u00f3 que tras realizar la identificaci\u00f3n de las \u00e1reas con la enfermedad, van por el proceso de erradicaci\u00f3n, que consiste en eliminar la plaga y luego restaurar el suelo para que productores puedan volver a sembrar banano.<\/p>\n","protected":false},"excerpt":{"rendered":"<p>Alrededor de 2.700 hect\u00e1reas de banano de Los R\u00edos han sido identificadas con la afectaci\u00f3n de la enfermedad del moko, esto es entre el 3,5 % y 4 % del total de \u00e1rea sembrada en la provincia, indic\u00f3 Pa\u00fal Vera, director del Observatorio Estad\u00edstico de Banano de la Asociaci\u00f3n de Exportadores de Banano de Ecuador [&hellip;]<\/p>\n","protected":false},"author":1,"featured_media":11835,"comment_status":"open","ping_status":"open","sticky":false,"template":"","format":"standard","meta":{"footnotes":""},"categories":[12],"tags":[],"_links":{"self":[{"href":"https:\/\/infozamoraec.com\/index.php\/wp-json\/wp\/v2\/posts\/11834"}],"collection":[{"href":"https:\/\/infozamoraec.com\/index.php\/wp-json\/wp\/v2\/posts"}],"about":[{"href":"https:\/\/infozamoraec.com\/index.php\/wp-json\/wp\/v2\/types\/post"}],"author":[{"embeddable":true,"href":"https:\/\/infozamoraec.com\/index.php\/wp-json\/wp\/v2\/users\/1"}],"replies":[{"embeddable":true,"href":"https:\/\/infozamoraec.com\/index.php\/wp-json\/wp\/v2\/comments?post=11834"}],"version-history":[{"count":1,"href":"https:\/\/infozamoraec.com\/index.php\/wp-json\/wp\/v2\/posts\/11834\/revisions"}],"predecessor-version":[{"id":11836,"href":"https:\/\/infozamoraec.com\/index.php\/wp-json\/wp\/v2\/posts\/11834\/revisions\/11836"}],"wp:featuredmedia":[{"embeddable":true,"href":"https:\/\/infozamoraec.com\/index.php\/wp-json\/wp\/v2\/media\/11835"}],"wp:attachment":[{"href":"https:\/\/infozamoraec.com\/index.php\/wp-json\/wp\/v2\/media?parent=11834"}],"wp:term":[{"taxonomy":"category","embeddable":true,"href":"https:\/\/infozamoraec.com\/index.php\/wp-json\/wp\/v2\/categories?post=11834"},{"taxonomy":"post_tag","embeddable":true,"href":"https:\/\/infozamoraec.com\/index.php\/wp-json\/wp\/v2\/tags?post=11834"}],"curies":[{"name":"wp","href":"https:\/\/api.w.org\/{rel}","templated":true}]}}