{"id":11831,"date":"2025-04-30T00:28:59","date_gmt":"2025-04-30T00:28:59","guid":{"rendered":"https:\/\/infozamoraec.com\/?p=11831"},"modified":"2025-04-30T00:28:59","modified_gmt":"2025-04-30T00:28:59","slug":"63-bultos-de-droga-se-detectan-a-200-millas-nauticas-de-santa-elena","status":"publish","type":"post","link":"https:\/\/infozamoraec.com\/index.php\/2025\/04\/30\/63-bultos-de-droga-se-detectan-a-200-millas-nauticas-de-santa-elena\/","title":{"rendered":"63 bultos de droga se detectan a 200 millas n\u00e1uticas de Santa Elena"},"content":{"rendered":"<p>Un nuevo cargamento de droga se incaut\u00f3 frente a las costas de Salinas a menos de 72 horas.<\/p>\n<p>El reciente operativo se ejecut\u00f3 el pasado lunes a 200 millas n\u00e1uticas al oeste de la puntilla de Santa Elena.<\/p>\n<p>El alijo fue desembarcado esta tarde en el muelle de la Base Naval de Salinas.<\/p>\n<p>La Armada del Ecuador inform\u00f3 que los 63 bultos de la sustancia il\u00edcitas eran transportados en una embarcaci\u00f3n sospechosa.<\/p>\n<p>Al notar la presencia de la autoridad mar\u00edtima, los responsables arrojaron el cargamento y posteriormente se dieron a la fuga. Por ese motivo, no hubo aprehendidos en este caso.<\/p>\n<p>Un vocero de la Armada detall\u00f3 que la droga tendr\u00eda como destino Estados Unidos. Estar\u00eda valorada en aproximadamente 3 millones de d\u00f3lares.<\/p>\n<p>La evidencia fue entregada a la Polic\u00eda Nacional para continuar con los tr\u00e1mites legales.<\/p>\n<p>El fin de semana anterior, paquetes de droga envueltos en sacos de yute de color negro se almacenaban dentro de dos embarcaciones artesanales que navegaban a 200 millas n\u00e1uticas al noroeste de Salinas, dentro de la Zona Econ\u00f3mica Exclusiva.<\/p>\n<p>&nbsp;<\/p>\n<p>Un total de 48 bultos con sustancias sujetas a fiscalizaci\u00f3n se logr\u00f3 incautar en estas intervenciones.<\/p>\n","protected":false},"excerpt":{"rendered":"<p>Un nuevo cargamento de droga se incaut\u00f3 frente a las costas de Salinas a menos de 72 horas. El reciente operativo se ejecut\u00f3 el pasado lunes a 200 millas n\u00e1uticas al oeste de la puntilla de Santa Elena. El alijo fue desembarcado esta tarde en el muelle de la Base Naval de Salinas. La Armada [&hellip;]<\/p>\n","protected":false},"author":1,"featured_media":11832,"comment_status":"open","ping_status":"open","sticky":false,"template":"","format":"standard","meta":{"footnotes":""},"categories":[12],"tags":[],"_links":{"self":[{"href":"https:\/\/infozamoraec.com\/index.php\/wp-json\/wp\/v2\/posts\/11831"}],"collection":[{"href":"https:\/\/infozamoraec.com\/index.php\/wp-json\/wp\/v2\/posts"}],"about":[{"href":"https:\/\/infozamoraec.com\/index.php\/wp-json\/wp\/v2\/types\/post"}],"author":[{"embeddable":true,"href":"https:\/\/infozamoraec.com\/index.php\/wp-json\/wp\/v2\/users\/1"}],"replies":[{"embeddable":true,"href":"https:\/\/infozamoraec.com\/index.php\/wp-json\/wp\/v2\/comments?post=11831"}],"version-history":[{"count":1,"href":"https:\/\/infozamoraec.com\/index.php\/wp-json\/wp\/v2\/posts\/11831\/revisions"}],"predecessor-version":[{"id":11833,"href":"https:\/\/infozamoraec.com\/index.php\/wp-json\/wp\/v2\/posts\/11831\/revisions\/11833"}],"wp:featuredmedia":[{"embeddable":true,"href":"https:\/\/infozamoraec.com\/index.php\/wp-json\/wp\/v2\/media\/11832"}],"wp:attachment":[{"href":"https:\/\/infozamoraec.com\/index.php\/wp-json\/wp\/v2\/media?parent=11831"}],"wp:term":[{"taxonomy":"category","embeddable":true,"href":"https:\/\/infozamoraec.com\/index.php\/wp-json\/wp\/v2\/categories?post=11831"},{"taxonomy":"post_tag","embeddable":true,"href":"https:\/\/infozamoraec.com\/index.php\/wp-json\/wp\/v2\/tags?post=11831"}],"curies":[{"name":"wp","href":"https:\/\/api.w.org\/{rel}","templated":true}]}}