{"id":11815,"date":"2025-04-30T00:11:05","date_gmt":"2025-04-30T00:11:05","guid":{"rendered":"https:\/\/infozamoraec.com\/?p=11815"},"modified":"2025-04-30T00:11:05","modified_gmt":"2025-04-30T00:11:05","slug":"prefectura-apoya-a-productores-de-la-reserva-amuicha-entsa","status":"publish","type":"post","link":"https:\/\/infozamoraec.com\/index.php\/2025\/04\/30\/prefectura-apoya-a-productores-de-la-reserva-amuicha-entsa\/","title":{"rendered":"Prefectura apoya a productores de la Reserva Amuicha Entsa"},"content":{"rendered":"<p style=\"font-weight: 400;\">Dentro de la sesi\u00f3n solemne conmemorativa por los 70 a\u00f1os de parroquializaci\u00f3n de Cumbaratza, la prefecta Karla Re\u00e1tegui firm\u00f3 un comodato con la Mancomunidad \u201cAmuicha Entsa\u201d, representado por Toni Morocho, presidente de Cumbaratza para la entrega de motoguada\u00f1as destinados a los productores que se encuentran dentro del \u00e1rea ecol\u00f3gica de conservaci\u00f3n parroquial (Timbara, San Carlos de Las Minas y Cumbaratza).<\/p>\n<p style=\"font-weight: 400;\"><strong>\u00a0<\/strong>Dentro de la extensi\u00f3n parroquial de San Carlos de Las Minas, Cumbaratza y Timbara, son m\u00e1s de 8.000 hect\u00e1reas que se encuentran en conservaci\u00f3n y que son parte de las \u00c1reas de Conservaci\u00f3n y Uso Sostenible ACUS de los bosques, nacientes de agua (\u2026). Por tanto, sus due\u00f1os han decidido dejar un \u00e1rea de conservaci\u00f3n para este prop\u00f3sito.<\/p>\n<p style=\"font-weight: 400;\"><strong>\u00a0<\/strong>La Prefecta resalt\u00f3 que, es la primera reserva interparroquial en la provincia de Zamora Chinchipe, naci\u00f3 en el 2015 y hasta la actualidad se sigue cristalizando,<strong>\u00a0\u201cesto ha permitido seguir con el cuidado de toda la bi\u00f3sfera presente y que nace desde las partes altas de estas tres parroquias\u201d.<\/strong><\/p>\n<p style=\"font-weight: 400;\"><strong>\u00a0<\/strong>Son tres motoguada\u00f1as que se entregaron por parroquia. Efra\u00edn Lavanda, de Tunantza Alto es uno de los beneficiarios y se dedica a la agricultura y ganader\u00eda, coment\u00f3 que abastece a los mercados de Guayaquil, Cuenca y Loja. A m\u00e1s de agradecer a la prefecta Karla por el apoyo, dice que estas herramientas le sirven para seguir protegiendo el medio ambiente desde sus terrenos.<\/p>\n<p style=\"font-weight: 400;\"><strong>\u00a0<\/strong>Por su parte Toni Morocho, presidente del GAD Parroquial de Cumbaratza, reconoci\u00f3 que la Prefectura es parte aliada con la naturaleza y que este trabajo dentro de la reserva ecol\u00f3gica le sirve al productor.<strong>\u00a0\u201cVamos a seguir conservando nuestra madre tierra, a seguir conservando nuestra selva y casa grande\u201d, resalt\u00f3 el presidente parroquial.<\/strong><\/p>\n","protected":false},"excerpt":{"rendered":"<p>Dentro de la sesi\u00f3n solemne conmemorativa por los 70 a\u00f1os de parroquializaci\u00f3n de Cumbaratza, la prefecta Karla Re\u00e1tegui firm\u00f3 un comodato con la Mancomunidad \u201cAmuicha Entsa\u201d, representado por Toni Morocho, presidente de Cumbaratza para la entrega de motoguada\u00f1as destinados a los productores que se encuentran dentro del \u00e1rea ecol\u00f3gica de conservaci\u00f3n parroquial (Timbara, San Carlos [&hellip;]<\/p>\n","protected":false},"author":1,"featured_media":11816,"comment_status":"open","ping_status":"open","sticky":false,"template":"","format":"standard","meta":{"footnotes":""},"categories":[9],"tags":[],"_links":{"self":[{"href":"https:\/\/infozamoraec.com\/index.php\/wp-json\/wp\/v2\/posts\/11815"}],"collection":[{"href":"https:\/\/infozamoraec.com\/index.php\/wp-json\/wp\/v2\/posts"}],"about":[{"href":"https:\/\/infozamoraec.com\/index.php\/wp-json\/wp\/v2\/types\/post"}],"author":[{"embeddable":true,"href":"https:\/\/infozamoraec.com\/index.php\/wp-json\/wp\/v2\/users\/1"}],"replies":[{"embeddable":true,"href":"https:\/\/infozamoraec.com\/index.php\/wp-json\/wp\/v2\/comments?post=11815"}],"version-history":[{"count":2,"href":"https:\/\/infozamoraec.com\/index.php\/wp-json\/wp\/v2\/posts\/11815\/revisions"}],"predecessor-version":[{"id":11818,"href":"https:\/\/infozamoraec.com\/index.php\/wp-json\/wp\/v2\/posts\/11815\/revisions\/11818"}],"wp:featuredmedia":[{"embeddable":true,"href":"https:\/\/infozamoraec.com\/index.php\/wp-json\/wp\/v2\/media\/11816"}],"wp:attachment":[{"href":"https:\/\/infozamoraec.com\/index.php\/wp-json\/wp\/v2\/media?parent=11815"}],"wp:term":[{"taxonomy":"category","embeddable":true,"href":"https:\/\/infozamoraec.com\/index.php\/wp-json\/wp\/v2\/categories?post=11815"},{"taxonomy":"post_tag","embeddable":true,"href":"https:\/\/infozamoraec.com\/index.php\/wp-json\/wp\/v2\/tags?post=11815"}],"curies":[{"name":"wp","href":"https:\/\/api.w.org\/{rel}","templated":true}]}}