{"id":11803,"date":"2025-04-29T01:18:40","date_gmt":"2025-04-29T01:18:40","guid":{"rendered":"https:\/\/infozamoraec.com\/?p=11803"},"modified":"2025-04-29T01:18:40","modified_gmt":"2025-04-29T01:18:40","slug":"trinidad-y-tobago-elige-primer-ministro-oposicion-favorita","status":"publish","type":"post","link":"https:\/\/infozamoraec.com\/index.php\/2025\/04\/29\/trinidad-y-tobago-elige-primer-ministro-oposicion-favorita\/","title":{"rendered":"Trinidad y Tobago elige primer ministro, oposici\u00f3n favorita"},"content":{"rendered":"<p>Los trinitenses votan este lunes (28.04.2025) para elegir a los 41 miembros de la C\u00e1mara de Representantes que escoger\u00e1n al pr\u00f3ximo primer ministro de\u00a0<a class=\"external-link\" title=\"Enlace externo \u2014 Trinidad y Tobago\" href=\"https:\/\/corporate.dw.com\/es\/trinidad-y-tobago\/a-19502704\" target=\"_blank\" rel=\"noopener\">Trinidad y Tobago<\/a>, donde la oposici\u00f3n se proyecta como favorita en las encuestas.<\/p>\n<p>El primer ministro del pa\u00eds caribe\u00f1o, Stuart Young, busca conservar el cargo que asumi\u00f3 en marzo pasado tras la renuncia de su antecesor y compa\u00f1ero de partido, Keith Rowley, quien gobern\u00f3 desde 2015 junto al Movimiento Nacional del Pueblo (PNM).<\/p>\n<p>Las encuestas dan como favorita a la ex primera ministra Kamla Persad-Bissessar (2010-2015), de 73 a\u00f1os y dirigente del opositor Congreso Nacional Unido (CNU).<\/p>\n<p>Alrededor de 1,1 millones de votantes est\u00e1n convocados a las urnas en este pa\u00eds de 1,4 millones de habitantes, el cual ha sido sacudido en los \u00faltimos a\u00f1os por la violencia de pandillas armadas y una crisis econ\u00f3mica, adem\u00e1s de reiterados desastres naturales.<\/p>\n<p>La votaci\u00f3n comenz\u00f3 a las 06h00 hora local (10h00 GMT) y culminar\u00e1 a las 18h00 horas (21h00 GMT).<\/p>\n<p>\u00abTodo fue bastante fluido. Bastante f\u00e1cil, tanto entrar como salir\u00bb, declar\u00f3 a la AFP el ciudadano Karn John tras votar en el Cipriani Labour College de Valsayn, en el norte de Trinidad, la m\u00e1s grande de las dos islas que forman parte de este archipi\u00e9lago ubicado frente a las costas de Venezuela.<\/p>\n<p>En Trinidad y Tobago, una democracia parlamentaria, el modelo de votaci\u00f3n es similar al de la antigua potencia colonial brit\u00e1nica.<\/p>\n<p>La campa\u00f1a electoral concluy\u00f3 la noche del s\u00e1bado con sendos m\u00edtines del PNM y el CNU.<\/p>\n<p>Las encuestas atribuyen el 47% de la intenci\u00f3n de voto para el partido de la ex primera ministra y poco m\u00e1s de 30% para el del actual primer ministro. Los observadores, en tanto, dicen que el margen entre ambos es ajustado.<\/p>\n<p>Tras ejercer su voto en la Escuela Internacional de Puerto Espa\u00f1a, Young, de 50 a\u00f1os, se mostr\u00f3 optimista sobre la participaci\u00f3n del electorado pese a las circunstancias.<\/p>\n<p>gs (afp, ap)<\/p>\n","protected":false},"excerpt":{"rendered":"<p>Los trinitenses votan este lunes (28.04.2025) para elegir a los 41 miembros de la C\u00e1mara de Representantes que escoger\u00e1n al pr\u00f3ximo primer ministro de\u00a0Trinidad y Tobago, donde la oposici\u00f3n se proyecta como favorita en las encuestas. El primer ministro del pa\u00eds caribe\u00f1o, Stuart Young, busca conservar el cargo que asumi\u00f3 en marzo pasado tras la [&hellip;]<\/p>\n","protected":false},"author":1,"featured_media":11804,"comment_status":"open","ping_status":"open","sticky":false,"template":"","format":"standard","meta":{"footnotes":""},"categories":[8],"tags":[],"_links":{"self":[{"href":"https:\/\/infozamoraec.com\/index.php\/wp-json\/wp\/v2\/posts\/11803"}],"collection":[{"href":"https:\/\/infozamoraec.com\/index.php\/wp-json\/wp\/v2\/posts"}],"about":[{"href":"https:\/\/infozamoraec.com\/index.php\/wp-json\/wp\/v2\/types\/post"}],"author":[{"embeddable":true,"href":"https:\/\/infozamoraec.com\/index.php\/wp-json\/wp\/v2\/users\/1"}],"replies":[{"embeddable":true,"href":"https:\/\/infozamoraec.com\/index.php\/wp-json\/wp\/v2\/comments?post=11803"}],"version-history":[{"count":1,"href":"https:\/\/infozamoraec.com\/index.php\/wp-json\/wp\/v2\/posts\/11803\/revisions"}],"predecessor-version":[{"id":11805,"href":"https:\/\/infozamoraec.com\/index.php\/wp-json\/wp\/v2\/posts\/11803\/revisions\/11805"}],"wp:featuredmedia":[{"embeddable":true,"href":"https:\/\/infozamoraec.com\/index.php\/wp-json\/wp\/v2\/media\/11804"}],"wp:attachment":[{"href":"https:\/\/infozamoraec.com\/index.php\/wp-json\/wp\/v2\/media?parent=11803"}],"wp:term":[{"taxonomy":"category","embeddable":true,"href":"https:\/\/infozamoraec.com\/index.php\/wp-json\/wp\/v2\/categories?post=11803"},{"taxonomy":"post_tag","embeddable":true,"href":"https:\/\/infozamoraec.com\/index.php\/wp-json\/wp\/v2\/tags?post=11803"}],"curies":[{"name":"wp","href":"https:\/\/api.w.org\/{rel}","templated":true}]}}