{"id":11623,"date":"2025-04-21T21:43:28","date_gmt":"2025-04-21T21:43:28","guid":{"rendered":"https:\/\/infozamoraec.com\/?p=11623"},"modified":"2025-04-21T21:43:28","modified_gmt":"2025-04-21T21:43:28","slug":"mies-zamora-chinchipe-firma-convenios-para-fortalecer-la-atencion-a-adultos-mayores","status":"publish","type":"post","link":"https:\/\/infozamoraec.com\/index.php\/2025\/04\/21\/mies-zamora-chinchipe-firma-convenios-para-fortalecer-la-atencion-a-adultos-mayores\/","title":{"rendered":"MIES Zamora Chinchipe firma convenios para fortalecer la atenci\u00f3n a adultos mayores"},"content":{"rendered":"<p class=\"\" data-start=\"89\" data-end=\"497\">En un acto realizado la ma\u00f1ana de este lunes, el Ministerio de Inclusi\u00f3n Econ\u00f3mica y Social (MIES) en la provincia de Zamora Chinchipe formaliz\u00f3 la firma de convenios de cooperaci\u00f3n interinstitucional con los Gobiernos Aut\u00f3nomos Descentralizados municipales de los cantones Zamora y Yacuambi, as\u00ed como con los GAD parroquiales de San Carlos de las Minas y La Victoria de Imbana.<\/p>\n<p class=\"\" data-start=\"499\" data-end=\"747\">El objetivo de estos acuerdos es mejorar la atenci\u00f3n y el acompa\u00f1amiento a las personas adultas mayores en dichos territorios, promoviendo el respeto a sus derechos y el acceso a servicios especializados que contribuyan a una mejor calidad de vida.<\/p>\n<p class=\"\" data-start=\"749\" data-end=\"1124\">Durante el evento, la directora distrital del MIES, mag\u00edster Diana Granda, destac\u00f3 el compromiso de las autoridades locales y la importancia del trabajo conjunto en favor de los sectores m\u00e1s vulnerables. \u201cAgradecemos profundamente el apoyo brindado por nuestros GAD aliados. Este trabajo conjunto refleja el verdadero sentido de solidaridad y responsabilidad social\u201d, afirm\u00f3.<\/p>\n<p class=\"\" data-start=\"1126\" data-end=\"1342\">El monto total de inversi\u00f3n destinado a estos convenios asciende a 43.635 d\u00f3lares con 40 centavos, recursos que ser\u00e1n utilizados exclusivamente para la atenci\u00f3n integral de adultos mayores en las zonas beneficiarias.<\/p>\n<p class=\"\" data-start=\"1344\" data-end=\"1555\">Con esta acci\u00f3n, el MIES reafirma su compromiso de seguir fortaleciendo alianzas estrat\u00e9gicas que garanticen una vida digna, activa y protegida para las personas adultas mayores en todo el territorio provincial.<\/p>\n","protected":false},"excerpt":{"rendered":"<p>En un acto realizado la ma\u00f1ana de este lunes, el Ministerio de Inclusi\u00f3n Econ\u00f3mica y Social (MIES) en la provincia de Zamora Chinchipe formaliz\u00f3 la firma de convenios de cooperaci\u00f3n interinstitucional con los Gobiernos Aut\u00f3nomos Descentralizados municipales de los cantones Zamora y Yacuambi, as\u00ed como con los GAD parroquiales de San Carlos de las Minas [&hellip;]<\/p>\n","protected":false},"author":1,"featured_media":11624,"comment_status":"open","ping_status":"open","sticky":false,"template":"","format":"standard","meta":{"footnotes":""},"categories":[9],"tags":[],"_links":{"self":[{"href":"https:\/\/infozamoraec.com\/index.php\/wp-json\/wp\/v2\/posts\/11623"}],"collection":[{"href":"https:\/\/infozamoraec.com\/index.php\/wp-json\/wp\/v2\/posts"}],"about":[{"href":"https:\/\/infozamoraec.com\/index.php\/wp-json\/wp\/v2\/types\/post"}],"author":[{"embeddable":true,"href":"https:\/\/infozamoraec.com\/index.php\/wp-json\/wp\/v2\/users\/1"}],"replies":[{"embeddable":true,"href":"https:\/\/infozamoraec.com\/index.php\/wp-json\/wp\/v2\/comments?post=11623"}],"version-history":[{"count":1,"href":"https:\/\/infozamoraec.com\/index.php\/wp-json\/wp\/v2\/posts\/11623\/revisions"}],"predecessor-version":[{"id":11625,"href":"https:\/\/infozamoraec.com\/index.php\/wp-json\/wp\/v2\/posts\/11623\/revisions\/11625"}],"wp:featuredmedia":[{"embeddable":true,"href":"https:\/\/infozamoraec.com\/index.php\/wp-json\/wp\/v2\/media\/11624"}],"wp:attachment":[{"href":"https:\/\/infozamoraec.com\/index.php\/wp-json\/wp\/v2\/media?parent=11623"}],"wp:term":[{"taxonomy":"category","embeddable":true,"href":"https:\/\/infozamoraec.com\/index.php\/wp-json\/wp\/v2\/categories?post=11623"},{"taxonomy":"post_tag","embeddable":true,"href":"https:\/\/infozamoraec.com\/index.php\/wp-json\/wp\/v2\/tags?post=11623"}],"curies":[{"name":"wp","href":"https:\/\/api.w.org\/{rel}","templated":true}]}}