{"id":11534,"date":"2025-04-16T00:25:40","date_gmt":"2025-04-16T00:25:40","guid":{"rendered":"https:\/\/infozamoraec.com\/?p=11534"},"modified":"2025-04-16T00:25:40","modified_gmt":"2025-04-16T00:25:40","slug":"zamora-vivira-la-expo-emprendedor-y-viii-festival-de-la-fanesca-2025","status":"publish","type":"post","link":"https:\/\/infozamoraec.com\/index.php\/2025\/04\/16\/zamora-vivira-la-expo-emprendedor-y-viii-festival-de-la-fanesca-2025\/","title":{"rendered":"Zamora vivir\u00e1 la \u201cExpo Emprendedor y VIII Festival de la Fanesca 2025\u201d"},"content":{"rendered":"<p style=\"font-weight: 400;\">El GAD de Municipal de Zamora, a trav\u00e9s de la Unidad de Turismo y el Proyecto de Reactivaci\u00f3n Econ\u00f3mica de la Direcci\u00f3n de Gesti\u00f3n Social, invita a la ciudadan\u00eda al evento \u201cExpo Emprendedor y VIII Festival de la Fanesca Zamora 2025\u201d, que se llevar\u00e1 a cabo este mi\u00e9rcoles 16 de abril de 2025, desde las 09h00, en el parqueadero del Centro Comercial Reina de El Cisne.<\/p>\n<p style=\"font-weight: 400;\">Este importante evento contar\u00e1 con el apoyo del Ministerio de Agricultura y Ganader\u00eda (MAG), el Ministerio de Inclusi\u00f3n Econ\u00f3mica y Social (MIES) y AGROPZACHIN, y reunir\u00e1 a 36 emprendedores y productores del cant\u00f3n y de la provincia de Zamora, quienes ofrecer\u00e1n una variada gama de productos locales a los asistentes. Adem\u00e1s, la presencia de emprendedoras quienes estar\u00e1n presentando los sabores tradicionales de la Semana Santa, como la fanesca, higos con quesillo, colada de zapallo, entre otros platos t\u00edpicos de Semana Santa.<\/p>\n<p style=\"font-weight: 400;\">\nDiana Jaramillo, jefa de Turismo, Cultura, Patrimonio y Educaci\u00f3n del GAD Municipal, destac\u00f3 la importancia del evento como parte de la celebraci\u00f3n del D\u00eda del Emprendimiento. \u201cLa municipalidad, en coordinaci\u00f3n con diversas instituciones, ha organizado este evento para ofrecer un espacio a nuestros emprendedores,\u00a0no solo para exponer y vender sus productos, sino tambi\u00e9n para fortalecer la identidad cultural y gastron\u00f3mica de nuestro cant\u00f3n\u201d, se\u00f1al\u00f3.<\/p>\n<p style=\"font-weight: 400;\">\nDurante la jornada, los asistentes tambi\u00e9n podr\u00e1n disfrutar de presentaciones art\u00edsticas a cargo de talentos locales, como la Escuela de Canto y Piano de la Municipalidad, el grupo de danza de jubilados \u201cMonte P\u00edo\u201d, el grupo de baile moderno Ashly Dance, entre otros.<\/p>\n<p>Por su parte, el alcalde del cant\u00f3n Zamora, Manuel Gonz\u00e1lez, extendi\u00f3 la invitaci\u00f3n a la ciudadan\u00eda y turistas a ser parte de este festival que celebra el emprendimiento y la tradici\u00f3n. \u201cEl GAD Municipal de Zamora siempre estar\u00e1 comprometido con la creaci\u00f3n de espacios que impulsen a nuestros emprendedores y generen oportunidades para nuestras familias. Con este tipo de eventos buscamos aportar a la reactivaci\u00f3n econ\u00f3mica local\u201d, expres\u00f3 el burgomaestre.<\/p>\n<p style=\"font-weight: 400;\">\nEl GAD Municipal de Zamora reafirma su compromiso con el desarrollo econ\u00f3mico, tur\u00edstico y cultural del cant\u00f3n, promoviendo iniciativas que integren a todos los sectores productivos y sociales del cant\u00f3n Zamora.<\/p>\n","protected":false},"excerpt":{"rendered":"<p>El GAD de Municipal de Zamora, a trav\u00e9s de la Unidad de Turismo y el Proyecto de Reactivaci\u00f3n Econ\u00f3mica de la Direcci\u00f3n de Gesti\u00f3n Social, invita a la ciudadan\u00eda al evento \u201cExpo Emprendedor y VIII Festival de la Fanesca Zamora 2025\u201d, que se llevar\u00e1 a cabo este mi\u00e9rcoles 16 de abril de 2025, desde las [&hellip;]<\/p>\n","protected":false},"author":1,"featured_media":11535,"comment_status":"open","ping_status":"open","sticky":false,"template":"","format":"standard","meta":{"footnotes":""},"categories":[9],"tags":[],"_links":{"self":[{"href":"https:\/\/infozamoraec.com\/index.php\/wp-json\/wp\/v2\/posts\/11534"}],"collection":[{"href":"https:\/\/infozamoraec.com\/index.php\/wp-json\/wp\/v2\/posts"}],"about":[{"href":"https:\/\/infozamoraec.com\/index.php\/wp-json\/wp\/v2\/types\/post"}],"author":[{"embeddable":true,"href":"https:\/\/infozamoraec.com\/index.php\/wp-json\/wp\/v2\/users\/1"}],"replies":[{"embeddable":true,"href":"https:\/\/infozamoraec.com\/index.php\/wp-json\/wp\/v2\/comments?post=11534"}],"version-history":[{"count":2,"href":"https:\/\/infozamoraec.com\/index.php\/wp-json\/wp\/v2\/posts\/11534\/revisions"}],"predecessor-version":[{"id":11537,"href":"https:\/\/infozamoraec.com\/index.php\/wp-json\/wp\/v2\/posts\/11534\/revisions\/11537"}],"wp:featuredmedia":[{"embeddable":true,"href":"https:\/\/infozamoraec.com\/index.php\/wp-json\/wp\/v2\/media\/11535"}],"wp:attachment":[{"href":"https:\/\/infozamoraec.com\/index.php\/wp-json\/wp\/v2\/media?parent=11534"}],"wp:term":[{"taxonomy":"category","embeddable":true,"href":"https:\/\/infozamoraec.com\/index.php\/wp-json\/wp\/v2\/categories?post=11534"},{"taxonomy":"post_tag","embeddable":true,"href":"https:\/\/infozamoraec.com\/index.php\/wp-json\/wp\/v2\/tags?post=11534"}],"curies":[{"name":"wp","href":"https:\/\/api.w.org\/{rel}","templated":true}]}}