{"id":11435,"date":"2025-04-11T15:46:18","date_gmt":"2025-04-11T15:46:18","guid":{"rendered":"https:\/\/infozamoraec.com\/?p=11435"},"modified":"2025-04-11T15:46:18","modified_gmt":"2025-04-11T15:46:18","slug":"construccion-de-cubierta-para-la-cancha-del-bloque-b-de-la-unidad-educativa-valladolid-ya-tiene-30-de-avance","status":"publish","type":"post","link":"https:\/\/infozamoraec.com\/index.php\/2025\/04\/11\/construccion-de-cubierta-para-la-cancha-del-bloque-b-de-la-unidad-educativa-valladolid-ya-tiene-30-de-avance\/","title":{"rendered":"Construcci\u00f3n de cubierta para la cancha del Bloque B de la Unidad Educativa Valladolid ya tiene 30% de avance"},"content":{"rendered":"<p class=\"\" data-start=\"99\" data-end=\"313\">La obra de <strong data-start=\"142\" data-end=\"217\">construcci\u00f3n de la cubierta para la cancha de uso m\u00faltiple del Bloque B<\/strong> de la <strong data-start=\"224\" data-end=\"255\">Unidad Educativa Valladolid<\/strong> avanza con paso firme y registra un progreso del <strong data-start=\"305\" data-end=\"312\" data-is-only-node=\"\">30%<\/strong>.<\/p>\n<p class=\"\" data-start=\"315\" data-end=\"615\">Este proyecto se ejecuta bajo un <strong data-start=\"348\" data-end=\"405\">convenio tripartito de cooperaci\u00f3n interinstitucional<\/strong> entre el <strong data-start=\"415\" data-end=\"442\">GAD cantonal de Palanda<\/strong>, el <strong data-start=\"447\" data-end=\"479\">GAD parroquial de Valladolid<\/strong> y la <strong data-start=\"485\" data-end=\"527\">Coordinaci\u00f3n Zonal de Educaci\u00f3n Zona 7<\/strong>, con una inversi\u00f3n de <strong data-start=\"550\" data-end=\"564\">$79,998.49<\/strong> y un plazo de ejecuci\u00f3n de <strong data-start=\"592\" data-end=\"614\">90 d\u00edas calendario<\/strong>.<\/p>\n<p class=\"\" data-start=\"617\" data-end=\"995\">Actualmente se ha culminado la <strong data-start=\"648\" data-end=\"677\">estructura de cimentaci\u00f3n<\/strong> y se trabaja en el <strong data-start=\"697\" data-end=\"722\">armado de las cerchas<\/strong> para la instalaci\u00f3n de la cubierta met\u00e1lica. Esta obra beneficiar\u00e1 a ni\u00f1as, ni\u00f1os y j\u00f3venes del sector, al proporcionar un espacio seguro y adecuado para <strong data-start=\"877\" data-end=\"928\">actividades deportivas, culturales y educativas<\/strong>, fortaleciendo el desarrollo integral de la comunidad estudiantil.<\/p>\n","protected":false},"excerpt":{"rendered":"<p>La obra de construcci\u00f3n de la cubierta para la cancha de uso m\u00faltiple del Bloque B de la Unidad Educativa Valladolid avanza con paso firme y registra un progreso del 30%. Este proyecto se ejecuta bajo un convenio tripartito de cooperaci\u00f3n interinstitucional entre el GAD cantonal de Palanda, el GAD parroquial de Valladolid y la [&hellip;]<\/p>\n","protected":false},"author":1,"featured_media":11436,"comment_status":"open","ping_status":"open","sticky":false,"template":"","format":"standard","meta":{"footnotes":""},"categories":[9],"tags":[],"_links":{"self":[{"href":"https:\/\/infozamoraec.com\/index.php\/wp-json\/wp\/v2\/posts\/11435"}],"collection":[{"href":"https:\/\/infozamoraec.com\/index.php\/wp-json\/wp\/v2\/posts"}],"about":[{"href":"https:\/\/infozamoraec.com\/index.php\/wp-json\/wp\/v2\/types\/post"}],"author":[{"embeddable":true,"href":"https:\/\/infozamoraec.com\/index.php\/wp-json\/wp\/v2\/users\/1"}],"replies":[{"embeddable":true,"href":"https:\/\/infozamoraec.com\/index.php\/wp-json\/wp\/v2\/comments?post=11435"}],"version-history":[{"count":1,"href":"https:\/\/infozamoraec.com\/index.php\/wp-json\/wp\/v2\/posts\/11435\/revisions"}],"predecessor-version":[{"id":11437,"href":"https:\/\/infozamoraec.com\/index.php\/wp-json\/wp\/v2\/posts\/11435\/revisions\/11437"}],"wp:featuredmedia":[{"embeddable":true,"href":"https:\/\/infozamoraec.com\/index.php\/wp-json\/wp\/v2\/media\/11436"}],"wp:attachment":[{"href":"https:\/\/infozamoraec.com\/index.php\/wp-json\/wp\/v2\/media?parent=11435"}],"wp:term":[{"taxonomy":"category","embeddable":true,"href":"https:\/\/infozamoraec.com\/index.php\/wp-json\/wp\/v2\/categories?post=11435"},{"taxonomy":"post_tag","embeddable":true,"href":"https:\/\/infozamoraec.com\/index.php\/wp-json\/wp\/v2\/tags?post=11435"}],"curies":[{"name":"wp","href":"https:\/\/api.w.org\/{rel}","templated":true}]}}