{"id":11432,"date":"2025-04-11T15:40:45","date_gmt":"2025-04-11T15:40:45","guid":{"rendered":"https:\/\/infozamoraec.com\/?p=11432"},"modified":"2025-04-11T15:42:43","modified_gmt":"2025-04-11T15:42:43","slug":"avanza-construccion-de-la-casa-comunal-en-el-barrio-las-juntas-canton-palanda","status":"publish","type":"post","link":"https:\/\/infozamoraec.com\/index.php\/2025\/04\/11\/avanza-construccion-de-la-casa-comunal-en-el-barrio-las-juntas-canton-palanda\/","title":{"rendered":"Avanza construcci\u00f3n de la casa comunal en el barrio Las Juntas, cant\u00f3n Palanda"},"content":{"rendered":"<p class=\"\" data-start=\"84\" data-end=\"374\">\u00a0Con firme ritmo avanzan los trabajos en la construcci\u00f3n de la <strong data-start=\"178\" data-end=\"216\">casa comunal del barrio Las Juntas<\/strong>, una obra impulsada por el <strong data-start=\"244\" data-end=\"300\">Gobierno Aut\u00f3nomo Descentralizado del cant\u00f3n Palanda<\/strong> con el objetivo de fortalecer el desarrollo social y cultural del sector.<\/p>\n<p class=\"\" data-start=\"376\" data-end=\"627\">Actualmente, ya se han culminado las labores de <strong data-start=\"424\" data-end=\"450\">adecuaci\u00f3n del terreno<\/strong>, iniciando as\u00ed las siguientes fases constructivas. El proyecto, que cuenta con un presupuesto de aproximadamente <strong data-start=\"564\" data-end=\"582\">36.000 d\u00f3lares<\/strong>, tiene un <strong data-start=\"593\" data-end=\"626\">plazo de ejecuci\u00f3n de 90 d\u00edas<\/strong>.<\/p>\n<p class=\"\" data-start=\"629\" data-end=\"851\">Desde la administraci\u00f3n cantonal se busca cumplir los tiempos establecidos y entregar a la comunidad un espacio <strong data-start=\"741\" data-end=\"762\">funcional y digno<\/strong>, que sirva como punto de encuentro para actividades sociales, comunitarias y culturales.<\/p>\n","protected":false},"excerpt":{"rendered":"<p>\u00a0Con firme ritmo avanzan los trabajos en la construcci\u00f3n de la casa comunal del barrio Las Juntas, una obra impulsada por el Gobierno Aut\u00f3nomo Descentralizado del cant\u00f3n Palanda con el objetivo de fortalecer el desarrollo social y cultural del sector. Actualmente, ya se han culminado las labores de adecuaci\u00f3n del terreno, iniciando as\u00ed las siguientes [&hellip;]<\/p>\n","protected":false},"author":1,"featured_media":11433,"comment_status":"open","ping_status":"open","sticky":false,"template":"","format":"standard","meta":{"footnotes":""},"categories":[9],"tags":[],"_links":{"self":[{"href":"https:\/\/infozamoraec.com\/index.php\/wp-json\/wp\/v2\/posts\/11432"}],"collection":[{"href":"https:\/\/infozamoraec.com\/index.php\/wp-json\/wp\/v2\/posts"}],"about":[{"href":"https:\/\/infozamoraec.com\/index.php\/wp-json\/wp\/v2\/types\/post"}],"author":[{"embeddable":true,"href":"https:\/\/infozamoraec.com\/index.php\/wp-json\/wp\/v2\/users\/1"}],"replies":[{"embeddable":true,"href":"https:\/\/infozamoraec.com\/index.php\/wp-json\/wp\/v2\/comments?post=11432"}],"version-history":[{"count":1,"href":"https:\/\/infozamoraec.com\/index.php\/wp-json\/wp\/v2\/posts\/11432\/revisions"}],"predecessor-version":[{"id":11434,"href":"https:\/\/infozamoraec.com\/index.php\/wp-json\/wp\/v2\/posts\/11432\/revisions\/11434"}],"wp:featuredmedia":[{"embeddable":true,"href":"https:\/\/infozamoraec.com\/index.php\/wp-json\/wp\/v2\/media\/11433"}],"wp:attachment":[{"href":"https:\/\/infozamoraec.com\/index.php\/wp-json\/wp\/v2\/media?parent=11432"}],"wp:term":[{"taxonomy":"category","embeddable":true,"href":"https:\/\/infozamoraec.com\/index.php\/wp-json\/wp\/v2\/categories?post=11432"},{"taxonomy":"post_tag","embeddable":true,"href":"https:\/\/infozamoraec.com\/index.php\/wp-json\/wp\/v2\/tags?post=11432"}],"curies":[{"name":"wp","href":"https:\/\/api.w.org\/{rel}","templated":true}]}}