{"id":11394,"date":"2025-04-10T00:31:00","date_gmt":"2025-04-10T00:31:00","guid":{"rendered":"https:\/\/infozamoraec.com\/?p=11394"},"modified":"2025-04-10T00:31:00","modified_gmt":"2025-04-10T00:31:00","slug":"avanza-la-construccion-de-bateria-sanitaria-y-escenario-en-el-barrio-fatima-parroquia-valladolid","status":"publish","type":"post","link":"https:\/\/infozamoraec.com\/index.php\/2025\/04\/10\/avanza-la-construccion-de-bateria-sanitaria-y-escenario-en-el-barrio-fatima-parroquia-valladolid\/","title":{"rendered":"Avanza la construcci\u00f3n de bater\u00eda sanitaria y escenario en el barrio F\u00e1tima, parroquia Valladolid"},"content":{"rendered":"<p class=\"\" data-start=\"103\" data-end=\"489\">Con una inversi\u00f3n de <strong data-start=\"153\" data-end=\"167\">$21,638.66<\/strong>, se ejecuta la obra de construcci\u00f3n de una <strong data-start=\"211\" data-end=\"247\">bater\u00eda sanitaria y un escenario<\/strong> en el <strong data-start=\"254\" data-end=\"271\" data-is-only-node=\"\">barrio F\u00e1tima<\/strong>, perteneciente a la parroquia <strong data-start=\"302\" data-end=\"316\">Valladolid<\/strong>, en el cant\u00f3n <strong data-start=\"331\" data-end=\"342\">Palanda<\/strong>. El proyecto es parte de un convenio de cooperaci\u00f3n interinstitucional entre el <strong data-start=\"423\" data-end=\"450\">GAD Cantonal de Palanda<\/strong> y el <strong data-start=\"456\" data-end=\"488\">GAD Parroquial de Valladolid<\/strong>.<\/p>\n<p class=\"\" data-start=\"491\" data-end=\"825\">Los trabajos iniciaron hace aproximadamente 15 d\u00edas y actualmente presentan un <strong data-start=\"570\" data-end=\"588\">avance del 15%<\/strong>, dentro del plazo estimado de <strong data-start=\"619\" data-end=\"641\">60 d\u00edas calendario<\/strong>. Esta obra busca <strong data-start=\"659\" data-end=\"704\">fortalecer la infraestructura comunitaria<\/strong>, garantizando servicios b\u00e1sicos de calidad y espacios adecuados para el desarrollo de actividades sociales y culturales.<\/p>\n<p class=\"\" data-start=\"827\" data-end=\"1040\">Desde los gobiernos locales se destac\u00f3 que esta acci\u00f3n es una muestra del compromiso conjunto por mejorar la calidad de vida de los habitantes y promover el <strong data-start=\"984\" data-end=\"1028\">desarrollo integral de las zonas rurales<\/strong> del cant\u00f3n.<\/p>\n","protected":false},"excerpt":{"rendered":"<p>Con una inversi\u00f3n de $21,638.66, se ejecuta la obra de construcci\u00f3n de una bater\u00eda sanitaria y un escenario en el barrio F\u00e1tima, perteneciente a la parroquia Valladolid, en el cant\u00f3n Palanda. El proyecto es parte de un convenio de cooperaci\u00f3n interinstitucional entre el GAD Cantonal de Palanda y el GAD Parroquial de Valladolid. Los trabajos [&hellip;]<\/p>\n","protected":false},"author":1,"featured_media":11395,"comment_status":"open","ping_status":"open","sticky":false,"template":"","format":"standard","meta":{"footnotes":""},"categories":[9],"tags":[],"_links":{"self":[{"href":"https:\/\/infozamoraec.com\/index.php\/wp-json\/wp\/v2\/posts\/11394"}],"collection":[{"href":"https:\/\/infozamoraec.com\/index.php\/wp-json\/wp\/v2\/posts"}],"about":[{"href":"https:\/\/infozamoraec.com\/index.php\/wp-json\/wp\/v2\/types\/post"}],"author":[{"embeddable":true,"href":"https:\/\/infozamoraec.com\/index.php\/wp-json\/wp\/v2\/users\/1"}],"replies":[{"embeddable":true,"href":"https:\/\/infozamoraec.com\/index.php\/wp-json\/wp\/v2\/comments?post=11394"}],"version-history":[{"count":1,"href":"https:\/\/infozamoraec.com\/index.php\/wp-json\/wp\/v2\/posts\/11394\/revisions"}],"predecessor-version":[{"id":11396,"href":"https:\/\/infozamoraec.com\/index.php\/wp-json\/wp\/v2\/posts\/11394\/revisions\/11396"}],"wp:featuredmedia":[{"embeddable":true,"href":"https:\/\/infozamoraec.com\/index.php\/wp-json\/wp\/v2\/media\/11395"}],"wp:attachment":[{"href":"https:\/\/infozamoraec.com\/index.php\/wp-json\/wp\/v2\/media?parent=11394"}],"wp:term":[{"taxonomy":"category","embeddable":true,"href":"https:\/\/infozamoraec.com\/index.php\/wp-json\/wp\/v2\/categories?post=11394"},{"taxonomy":"post_tag","embeddable":true,"href":"https:\/\/infozamoraec.com\/index.php\/wp-json\/wp\/v2\/tags?post=11394"}],"curies":[{"name":"wp","href":"https:\/\/api.w.org\/{rel}","templated":true}]}}