{"id":11382,"date":"2025-04-10T00:23:38","date_gmt":"2025-04-10T00:23:38","guid":{"rendered":"https:\/\/infozamoraec.com\/?p=11382"},"modified":"2025-04-10T00:23:38","modified_gmt":"2025-04-10T00:23:38","slug":"comunidades-de-yantzaza-rechazan-posible-mineria-ilegal-en-la-ribera-del-rio-zamora","status":"publish","type":"post","link":"https:\/\/infozamoraec.com\/index.php\/2025\/04\/10\/comunidades-de-yantzaza-rechazan-posible-mineria-ilegal-en-la-ribera-del-rio-zamora\/","title":{"rendered":"Comunidades de Yantzaza rechazan posible miner\u00eda ilegal en la ribera del r\u00edo Zamora"},"content":{"rendered":"<p class=\"\" data-start=\"89\" data-end=\"369\">Con profunda preocupaci\u00f3n, moradores de los barrios <strong data-start=\"176\" data-end=\"197\">Playas La Florida<\/strong> y <strong data-start=\"200\" data-end=\"215\">La Floresta<\/strong> se pronunciaron ante la posible ejecuci\u00f3n de <strong data-start=\"261\" data-end=\"321\">actividades mineras ilegales en la ribera del r\u00edo Zamora<\/strong>, tras observar maquinaria ingresando a la zona.<\/p>\n<p class=\"\" data-start=\"371\" data-end=\"744\">En una reuni\u00f3n comunitaria, los habitantes <strong data-start=\"414\" data-end=\"457\">alertaron sobre los riesgos ambientales<\/strong> y sociales que implicar\u00eda la extracci\u00f3n de minerales en el cauce del r\u00edo, haciendo un llamado firme a las autoridades y a la ciudadan\u00eda para evitar que esta pr\u00e1ctica se consolide. \u201cNo podemos quedarnos callados mientras se amenaza la salud del r\u00edo y de nuestras comunidades\u201d, afirmaron.<\/p>\n<p class=\"\" data-start=\"746\" data-end=\"1045\">La alcaldesa <strong data-start=\"759\" data-end=\"777\">Mar\u00eda Lalangui<\/strong> se manifest\u00f3 en redes sociales, dejando claro que <strong data-start=\"828\" data-end=\"876\">no se permitir\u00e1 actividad minera en esa zona<\/strong>, postura respaldada por los moradores. Como resultado del di\u00e1logo entre comuneros, autoridades y representantes de la miner\u00eda, <strong data-start=\"1004\" data-end=\"1044\">la maquinaria fue retirada del lugar<\/strong>.<\/p>\n<p class=\"\" data-start=\"1047\" data-end=\"1317\">La concejal <strong data-start=\"1059\" data-end=\"1075\">Raquel Naula<\/strong>, en representaci\u00f3n de la administraci\u00f3n municipal, reiter\u00f3 el rechazo a toda forma de <strong data-start=\"1162\" data-end=\"1180\">miner\u00eda ilegal<\/strong>, aclarando que la oposici\u00f3n <strong data-start=\"1209\" data-end=\"1257\">no va dirigida a la miner\u00eda legal y regulada<\/strong>, sino a la que opera sin permisos ni remediaci\u00f3n ambiental.<\/p>\n<p class=\"\" data-start=\"1319\" data-end=\"1529\">Por su parte, <strong data-start=\"1333\" data-end=\"1349\">Fausto Rom\u00e1n<\/strong>, director de Ambiente del Municipio, enfatiz\u00f3 que se debe <strong data-start=\"1408\" data-end=\"1441\">respetar la normativa vigente<\/strong> y fortalecer los controles para evitar la explotaci\u00f3n ilegal de los recursos naturales.<\/p>\n<p class=\"\" data-start=\"1531\" data-end=\"1703\">Se prev\u00e9 que en los pr\u00f3ximos d\u00edas se realicen <strong data-start=\"1577\" data-end=\"1615\">inspecciones t\u00e9cnicas y operativos<\/strong> para verificar lo ocurrido y garantizar la protecci\u00f3n del r\u00edo Zamora y sus comunidades.<\/p>\n","protected":false},"excerpt":{"rendered":"<p>Con profunda preocupaci\u00f3n, moradores de los barrios Playas La Florida y La Floresta se pronunciaron ante la posible ejecuci\u00f3n de actividades mineras ilegales en la ribera del r\u00edo Zamora, tras observar maquinaria ingresando a la zona. En una reuni\u00f3n comunitaria, los habitantes alertaron sobre los riesgos ambientales y sociales que implicar\u00eda la extracci\u00f3n de minerales [&hellip;]<\/p>\n","protected":false},"author":1,"featured_media":11383,"comment_status":"open","ping_status":"open","sticky":false,"template":"","format":"standard","meta":{"footnotes":""},"categories":[9],"tags":[],"_links":{"self":[{"href":"https:\/\/infozamoraec.com\/index.php\/wp-json\/wp\/v2\/posts\/11382"}],"collection":[{"href":"https:\/\/infozamoraec.com\/index.php\/wp-json\/wp\/v2\/posts"}],"about":[{"href":"https:\/\/infozamoraec.com\/index.php\/wp-json\/wp\/v2\/types\/post"}],"author":[{"embeddable":true,"href":"https:\/\/infozamoraec.com\/index.php\/wp-json\/wp\/v2\/users\/1"}],"replies":[{"embeddable":true,"href":"https:\/\/infozamoraec.com\/index.php\/wp-json\/wp\/v2\/comments?post=11382"}],"version-history":[{"count":2,"href":"https:\/\/infozamoraec.com\/index.php\/wp-json\/wp\/v2\/posts\/11382\/revisions"}],"predecessor-version":[{"id":11385,"href":"https:\/\/infozamoraec.com\/index.php\/wp-json\/wp\/v2\/posts\/11382\/revisions\/11385"}],"wp:featuredmedia":[{"embeddable":true,"href":"https:\/\/infozamoraec.com\/index.php\/wp-json\/wp\/v2\/media\/11383"}],"wp:attachment":[{"href":"https:\/\/infozamoraec.com\/index.php\/wp-json\/wp\/v2\/media?parent=11382"}],"wp:term":[{"taxonomy":"category","embeddable":true,"href":"https:\/\/infozamoraec.com\/index.php\/wp-json\/wp\/v2\/categories?post=11382"},{"taxonomy":"post_tag","embeddable":true,"href":"https:\/\/infozamoraec.com\/index.php\/wp-json\/wp\/v2\/tags?post=11382"}],"curies":[{"name":"wp","href":"https:\/\/api.w.org\/{rel}","templated":true}]}}