{"id":11352,"date":"2025-04-09T00:46:32","date_gmt":"2025-04-09T00:46:32","guid":{"rendered":"https:\/\/infozamoraec.com\/?p=11352"},"modified":"2025-04-09T00:46:32","modified_gmt":"2025-04-09T00:46:32","slug":"bomberos-y-gad-de-centinela-del-condor-atienden-emergencia-por-inundaciones-en-barrios-afectados","status":"publish","type":"post","link":"https:\/\/infozamoraec.com\/index.php\/2025\/04\/09\/bomberos-y-gad-de-centinela-del-condor-atienden-emergencia-por-inundaciones-en-barrios-afectados\/","title":{"rendered":"Bomberos y GAD de Centinela del C\u00f3ndor atienden emergencia por inundaciones en barrios afectados"},"content":{"rendered":"<p class=\"\" data-start=\"102\" data-end=\"370\">Tras el desbordamiento del r\u00edo Zamora provocado por las intensas lluvias, el Cuerpo de Bomberos y el Gobierno Aut\u00f3nomo Descentralizado (GAD) de Centinela del C\u00f3ndor han unido esfuerzos para <strong data-start=\"324\" data-end=\"349\">limpiar y rehabilitar<\/strong> las zonas afectadas.<\/p>\n<p class=\"\" data-start=\"372\" data-end=\"643\">Las labores de intervenci\u00f3n realizadas este lunes y martes se concentraron en los barrios <strong data-start=\"429\" data-end=\"498\">Jaime Rold\u00f3s (Pamguitza), El Prado (Zumbi), San Jos\u00e9 y Juan Sol\u00eds<\/strong>, donde calles y viviendas quedaron anegadas. El objetivo es <strong data-start=\"559\" data-end=\"588\">restablecer la normalidad<\/strong> y brindar apoyo inmediato a las familias damnificadas.<\/p>\n<p class=\"\" data-start=\"645\" data-end=\"939\">Durante los d\u00edas cr\u00edticos, los bomberos atendieron llamados de auxilio, realizaron evacuaciones y <strong data-start=\"743\" data-end=\"781\">prestaron atenci\u00f3n prehospitalaria<\/strong>, incluyendo traslados al Hospital de Yantzaza. A pesar de las limitaciones, su respuesta ha sido clave para <strong data-start=\"890\" data-end=\"917\">proteger a la poblaci\u00f3n<\/strong> y contener los da\u00f1os.<\/p>\n<p class=\"\" data-start=\"941\" data-end=\"1167\">Erwin Merch\u00e1n, jefe del Cuerpo de Bomberos, destac\u00f3 la coordinaci\u00f3n con el GAD y agradeci\u00f3 el respaldo institucional. Por su parte, el municipio reafirm\u00f3 su compromiso con la comunidad y con los equipos de respuesta.<\/p>\n<p class=\"\" data-start=\"1169\" data-end=\"1342\">Las autoridades exhortan a la ciudadan\u00eda a mantenerse en alerta, especialmente en zonas vulnerables, y agradecen la solidaridad de quienes han colaborado en esta emergencia.<\/p>\n","protected":false},"excerpt":{"rendered":"<p>Tras el desbordamiento del r\u00edo Zamora provocado por las intensas lluvias, el Cuerpo de Bomberos y el Gobierno Aut\u00f3nomo Descentralizado (GAD) de Centinela del C\u00f3ndor han unido esfuerzos para limpiar y rehabilitar las zonas afectadas. Las labores de intervenci\u00f3n realizadas este lunes y martes se concentraron en los barrios Jaime Rold\u00f3s (Pamguitza), El Prado (Zumbi), [&hellip;]<\/p>\n","protected":false},"author":1,"featured_media":11353,"comment_status":"open","ping_status":"open","sticky":false,"template":"","format":"standard","meta":{"footnotes":""},"categories":[9],"tags":[],"_links":{"self":[{"href":"https:\/\/infozamoraec.com\/index.php\/wp-json\/wp\/v2\/posts\/11352"}],"collection":[{"href":"https:\/\/infozamoraec.com\/index.php\/wp-json\/wp\/v2\/posts"}],"about":[{"href":"https:\/\/infozamoraec.com\/index.php\/wp-json\/wp\/v2\/types\/post"}],"author":[{"embeddable":true,"href":"https:\/\/infozamoraec.com\/index.php\/wp-json\/wp\/v2\/users\/1"}],"replies":[{"embeddable":true,"href":"https:\/\/infozamoraec.com\/index.php\/wp-json\/wp\/v2\/comments?post=11352"}],"version-history":[{"count":3,"href":"https:\/\/infozamoraec.com\/index.php\/wp-json\/wp\/v2\/posts\/11352\/revisions"}],"predecessor-version":[{"id":11356,"href":"https:\/\/infozamoraec.com\/index.php\/wp-json\/wp\/v2\/posts\/11352\/revisions\/11356"}],"wp:featuredmedia":[{"embeddable":true,"href":"https:\/\/infozamoraec.com\/index.php\/wp-json\/wp\/v2\/media\/11353"}],"wp:attachment":[{"href":"https:\/\/infozamoraec.com\/index.php\/wp-json\/wp\/v2\/media?parent=11352"}],"wp:term":[{"taxonomy":"category","embeddable":true,"href":"https:\/\/infozamoraec.com\/index.php\/wp-json\/wp\/v2\/categories?post=11352"},{"taxonomy":"post_tag","embeddable":true,"href":"https:\/\/infozamoraec.com\/index.php\/wp-json\/wp\/v2\/tags?post=11352"}],"curies":[{"name":"wp","href":"https:\/\/api.w.org\/{rel}","templated":true}]}}