{"id":11345,"date":"2025-04-09T00:38:12","date_gmt":"2025-04-09T00:38:12","guid":{"rendered":"https:\/\/infozamoraec.com\/?p=11345"},"modified":"2025-04-09T00:38:12","modified_gmt":"2025-04-09T00:38:12","slug":"gobernacion-de-zamora-chinchipe-ejecuta-acciones-para-mitigar-desbordamientos-en-zumbi","status":"publish","type":"post","link":"https:\/\/infozamoraec.com\/index.php\/2025\/04\/09\/gobernacion-de-zamora-chinchipe-ejecuta-acciones-para-mitigar-desbordamientos-en-zumbi\/","title":{"rendered":"Gobernaci\u00f3n de Zamora Chinchipe ejecuta acciones para mitigar desbordamientos en Zumbi"},"content":{"rendered":"<p class=\"\" data-start=\"96\" data-end=\"366\">La Gobernaci\u00f3n de Zamora Chinchipe inform\u00f3 a trav\u00e9s de sus redes sociales que se han concretado <strong data-start=\"224\" data-end=\"278\">intervenciones urgentes de mitigaci\u00f3n y prevenci\u00f3n<\/strong> en el sector de Zumbi, con el objetivo de evitar nuevos desbordamientos del r\u00edo Zamora.<\/p>\n<p class=\"\" data-start=\"368\" data-end=\"442\">Gracias a la gesti\u00f3n y articulaci\u00f3n liderada por la gobernadora, Iv\u00f3n Pachi, se lograron las\u00a0 siguientes acciones:<\/p>\n<p class=\"\" data-start=\"444\" data-end=\"808\">\u2705 La <strong data-start=\"449\" data-end=\"472\">remoci\u00f3n de un muro<\/strong> que generaba un cuello de botella en el cauce natural del r\u00edo.<br data-start=\"535\" data-end=\"538\" \/>\u2705 El uso de <strong data-start=\"550\" data-end=\"586\">4 retroexcavadoras y 3 volquetes<\/strong> para desmontar la estructura que causaba acumulaci\u00f3n de agua.<br data-start=\"648\" data-end=\"651\" data-is-only-node=\"\" \/>\u2705 El inicio de una <strong data-start=\"670\" data-end=\"749\">intervenci\u00f3n t\u00e9cnica para la construcci\u00f3n de un nuevo muro de encauzamiento<\/strong>, que permitir\u00e1 redirigir el flujo hacia su curso original.<\/p>\n<p class=\"\" data-start=\"810\" data-end=\"1042\">La Gobernadora asegur\u00f3 que continuar\u00e1 <strong data-start=\"848\" data-end=\"891\">supervisando personalmente los trabajos<\/strong>, reafirmando su compromiso con la seguridad y el bienestar de las familias afectadas por las recientes inundaciones en el cant\u00f3n Centinela del C\u00f3ndor.<\/p>\n","protected":false},"excerpt":{"rendered":"<p>La Gobernaci\u00f3n de Zamora Chinchipe inform\u00f3 a trav\u00e9s de sus redes sociales que se han concretado intervenciones urgentes de mitigaci\u00f3n y prevenci\u00f3n en el sector de Zumbi, con el objetivo de evitar nuevos desbordamientos del r\u00edo Zamora. Gracias a la gesti\u00f3n y articulaci\u00f3n liderada por la gobernadora, Iv\u00f3n Pachi, se lograron las\u00a0 siguientes acciones: \u2705 [&hellip;]<\/p>\n","protected":false},"author":1,"featured_media":11346,"comment_status":"open","ping_status":"open","sticky":false,"template":"","format":"standard","meta":{"footnotes":""},"categories":[9],"tags":[],"_links":{"self":[{"href":"https:\/\/infozamoraec.com\/index.php\/wp-json\/wp\/v2\/posts\/11345"}],"collection":[{"href":"https:\/\/infozamoraec.com\/index.php\/wp-json\/wp\/v2\/posts"}],"about":[{"href":"https:\/\/infozamoraec.com\/index.php\/wp-json\/wp\/v2\/types\/post"}],"author":[{"embeddable":true,"href":"https:\/\/infozamoraec.com\/index.php\/wp-json\/wp\/v2\/users\/1"}],"replies":[{"embeddable":true,"href":"https:\/\/infozamoraec.com\/index.php\/wp-json\/wp\/v2\/comments?post=11345"}],"version-history":[{"count":1,"href":"https:\/\/infozamoraec.com\/index.php\/wp-json\/wp\/v2\/posts\/11345\/revisions"}],"predecessor-version":[{"id":11347,"href":"https:\/\/infozamoraec.com\/index.php\/wp-json\/wp\/v2\/posts\/11345\/revisions\/11347"}],"wp:featuredmedia":[{"embeddable":true,"href":"https:\/\/infozamoraec.com\/index.php\/wp-json\/wp\/v2\/media\/11346"}],"wp:attachment":[{"href":"https:\/\/infozamoraec.com\/index.php\/wp-json\/wp\/v2\/media?parent=11345"}],"wp:term":[{"taxonomy":"category","embeddable":true,"href":"https:\/\/infozamoraec.com\/index.php\/wp-json\/wp\/v2\/categories?post=11345"},{"taxonomy":"post_tag","embeddable":true,"href":"https:\/\/infozamoraec.com\/index.php\/wp-json\/wp\/v2\/tags?post=11345"}],"curies":[{"name":"wp","href":"https:\/\/api.w.org\/{rel}","templated":true}]}}