{"id":11313,"date":"2025-04-08T02:26:14","date_gmt":"2025-04-08T02:26:14","guid":{"rendered":"https:\/\/infozamoraec.com\/?p=11313"},"modified":"2025-04-08T02:26:14","modified_gmt":"2025-04-08T02:26:14","slug":"protesta-en-zumbi-por-inundaciones-causadas-por-mineria-en-el-rio-zamora","status":"publish","type":"post","link":"https:\/\/infozamoraec.com\/index.php\/2025\/04\/08\/protesta-en-zumbi-por-inundaciones-causadas-por-mineria-en-el-rio-zamora\/","title":{"rendered":"Protesta en Zumbi por inundaciones causadas por miner\u00eda en el r\u00edo Zamora"},"content":{"rendered":"<p class=\"\" data-start=\"82\" data-end=\"382\">Este lunes, cerca del mediod\u00eda, habitantes de la ciudad de Zumbi bloquearon la v\u00eda Troncal Amaz\u00f3nica a la altura del ingreso a la urbe, en protesta por la falta de acciones de las autoridades frente a las consecuencias provocadas por trabajos mineros en el r\u00edo Zamora.<\/p>\n<p class=\"\" data-start=\"384\" data-end=\"780\">Los manifestantes denuncian que la actividad minera ha generado el <strong data-start=\"451\" data-end=\"478\">represamiento del cauce<\/strong>, lo que ha derivado en <strong data-start=\"502\" data-end=\"597\">inundaciones que afectan viviendas, cultivos y provocan contaminaci\u00f3n en varias localidades<\/strong>. La v\u00eda bloqueada es una de las principales arterias que conecta a los cantones del norte de Zamora Chinchipe, como Yantzaza, El Pangui,\u00a0 y , adem\u00e1s, sirve como enlace con la provincia de Morona Santiago.<\/p>\n<p class=\"\" data-start=\"782\" data-end=\"1136\">Luis Soto, morador del sector, se\u00f1al\u00f3: <em data-start=\"821\" data-end=\"941\">\u201cLas autoridades vienen a hacer el control, pero, sorpresivamente no encuentran a las m\u00e1quinas y se van, la maquinaria\u00a0 luego regresa como si nada. No hay control real\u201d expres\u00f3<\/em>. Karla Soto, otra de las afectadas, relat\u00f3 que en una ocasi\u00f3n anterior <em data-start=\"1013\" data-end=\"1135\">\u201c las autoridades trajeron una funda de v\u00edveres diciendo que nos ayudaban, pero nada m\u00e1s. Las p\u00e9rdidas siguen y la contaminaci\u00f3n tambi\u00e9n\u201d<\/em>.<\/p>\n<p class=\"\" data-start=\"1138\" data-end=\"1365\">Ante la presi\u00f3n ciudadana, la G<strong data-start=\"1168\" data-end=\"1199\">obernadora de la provincia Ivon Panchi<\/strong> lleg\u00f3 al lugar e inform\u00f3 que se ha dispuesto maquinaria para remover material acumulado que repres\u00f3 el r\u00edo, a pesar de que la competencia no recae en su dependencia, aunque\u00a0 reconoci\u00f3 que los trabajos han demorado.<\/p>\n<p class=\"\" data-start=\"1367\" data-end=\"1568\">Por su parte, Javier Sub\u00eda, subsecretario de Miner\u00eda Artesanal y Peque\u00f1a Miner\u00eda\u00a0aclar\u00f3 que cada instituci\u00f3n tiene competencias espec\u00edficas y exhort\u00f3 a ARCOM y al Ministerio del Ambiente a intervenir con urgencia.<\/p>\n<p class=\"\" data-start=\"1570\" data-end=\"1847\">La situaci\u00f3n se origin\u00f3 tras las <strong data-start=\"1603\" data-end=\"1634\">fuertes lluvias del domingo<\/strong>, que intensificaron los efectos de la actividad minera en el cauce del r\u00edo Zamora, dejando a varias familias afectadas por las inundaciones.<\/p>\n<p class=\"\" data-start=\"1570\" data-end=\"1847\">LA\u00a0 medida\u00a0 se\u00a0 levant\u00f3 cerca de las\u00a0 17h00, a la espera compromisos concretos y soluciones efectivas.<\/p>\n","protected":false},"excerpt":{"rendered":"<p>Este lunes, cerca del mediod\u00eda, habitantes de la ciudad de Zumbi bloquearon la v\u00eda Troncal Amaz\u00f3nica a la altura del ingreso a la urbe, en protesta por la falta de acciones de las autoridades frente a las consecuencias provocadas por trabajos mineros en el r\u00edo Zamora. Los manifestantes denuncian que la actividad minera ha generado [&hellip;]<\/p>\n","protected":false},"author":1,"featured_media":11314,"comment_status":"open","ping_status":"open","sticky":false,"template":"","format":"standard","meta":{"footnotes":""},"categories":[9],"tags":[],"_links":{"self":[{"href":"https:\/\/infozamoraec.com\/index.php\/wp-json\/wp\/v2\/posts\/11313"}],"collection":[{"href":"https:\/\/infozamoraec.com\/index.php\/wp-json\/wp\/v2\/posts"}],"about":[{"href":"https:\/\/infozamoraec.com\/index.php\/wp-json\/wp\/v2\/types\/post"}],"author":[{"embeddable":true,"href":"https:\/\/infozamoraec.com\/index.php\/wp-json\/wp\/v2\/users\/1"}],"replies":[{"embeddable":true,"href":"https:\/\/infozamoraec.com\/index.php\/wp-json\/wp\/v2\/comments?post=11313"}],"version-history":[{"count":2,"href":"https:\/\/infozamoraec.com\/index.php\/wp-json\/wp\/v2\/posts\/11313\/revisions"}],"predecessor-version":[{"id":11316,"href":"https:\/\/infozamoraec.com\/index.php\/wp-json\/wp\/v2\/posts\/11313\/revisions\/11316"}],"wp:featuredmedia":[{"embeddable":true,"href":"https:\/\/infozamoraec.com\/index.php\/wp-json\/wp\/v2\/media\/11314"}],"wp:attachment":[{"href":"https:\/\/infozamoraec.com\/index.php\/wp-json\/wp\/v2\/media?parent=11313"}],"wp:term":[{"taxonomy":"category","embeddable":true,"href":"https:\/\/infozamoraec.com\/index.php\/wp-json\/wp\/v2\/categories?post=11313"},{"taxonomy":"post_tag","embeddable":true,"href":"https:\/\/infozamoraec.com\/index.php\/wp-json\/wp\/v2\/tags?post=11313"}],"curies":[{"name":"wp","href":"https:\/\/api.w.org\/{rel}","templated":true}]}}