{"id":11304,"date":"2025-04-08T01:06:40","date_gmt":"2025-04-08T01:06:40","guid":{"rendered":"https:\/\/infozamoraec.com\/?p=11304"},"modified":"2025-04-08T01:06:40","modified_gmt":"2025-04-08T01:06:40","slug":"centro-shuar-uwents-contara-con-proyecto-de-saneamiento-ambiental","status":"publish","type":"post","link":"https:\/\/infozamoraec.com\/index.php\/2025\/04\/08\/centro-shuar-uwents-contara-con-proyecto-de-saneamiento-ambiental\/","title":{"rendered":"Centro shuar Uwents  contar\u00e1  con proyecto de  saneamiento ambiental"},"content":{"rendered":"<p>Comprometida con la salud y el bienestar de m\u00e1s de 200 personas pertenecientes a 40 familias, la Alcald\u00eda de El Pangui dio inicio oficial al proyecto: Construcci\u00f3n del Sistema de Saneamiento para el Centro Shuar Uwents, mediante un acto simb\u00f3lico de corte de cinta que marca el arranque de esta importante obra de servicio b\u00e1sico.<\/p>\n<p>Durante el evento, Pedro Tanchim, morador de la comunidad, destac\u00f3 la importancia de este proyecto para su pueblo \u201chan venido tantos alcaldes y jam\u00e1s lo hemos logrado. Un agradecimiento profundo a nombre de nuestra comunidad, se\u00f1or alcalde. Que siga trabajando por el bienestar de las comunidades, parroquias y barrios.\u201d<\/p>\n<p>Por su parte, Pascual Wampash, docente de la Unidad Educativa Comunitaria Intercultural Biling\u00fce \u201cTutin\u201d, expres\u00f3 su orgullo en lengua shuar y resalt\u00f3 \u201ces motivo de alegr\u00eda ser testigos fieles de esta obra emblem\u00e1tica que beneficiar\u00e1 tanto a la comunidad educativa como a toda la comunidad Shuar Uwents.\u201d<\/p>\n<p>En su intervenci\u00f3n, el alcalde Jairo Herrera recalc\u00f3 la importancia de priorizar los servicios b\u00e1sicos como base para el desarrollo integral \u201cantes de pensar en adoquinados o asfaltados, primero trabajamos en lo vital que es la salud con obras como el alcantarillado y agua potable. As\u00ed retribuimos la confianza de la ciudadan\u00eda con obras bien planificadas\u201d, enfatiz\u00f3 la primera autoridad.<\/p>\n<p>Este proyecto contempla una inversi\u00f3n de USD 155.001, con la instalaci\u00f3n de 600 metros lineales de tuber\u00eda, redes principales, colectores, planta de tratamiento y acometidas domiciliarias, abarcando una intervenci\u00f3n total de 6,64 hect\u00e1reas. La obra se ejecutar\u00e1 en un plazo estimado de 120 d\u00edas.<\/p>\n<p>La Alcald\u00eda de El Pangui reafirma as\u00ed su compromiso con el desarrollo equitativo de sus comunidades, impulsando obras que dignifican la vida de sus habitantes.<\/p>\n","protected":false},"excerpt":{"rendered":"<p>Comprometida con la salud y el bienestar de m\u00e1s de 200 personas pertenecientes a 40 familias, la Alcald\u00eda de El Pangui dio inicio oficial al proyecto: Construcci\u00f3n del Sistema de Saneamiento para el Centro Shuar Uwents, mediante un acto simb\u00f3lico de corte de cinta que marca el arranque de esta importante obra de servicio b\u00e1sico. [&hellip;]<\/p>\n","protected":false},"author":1,"featured_media":11305,"comment_status":"open","ping_status":"open","sticky":false,"template":"","format":"standard","meta":{"footnotes":""},"categories":[9],"tags":[],"_links":{"self":[{"href":"https:\/\/infozamoraec.com\/index.php\/wp-json\/wp\/v2\/posts\/11304"}],"collection":[{"href":"https:\/\/infozamoraec.com\/index.php\/wp-json\/wp\/v2\/posts"}],"about":[{"href":"https:\/\/infozamoraec.com\/index.php\/wp-json\/wp\/v2\/types\/post"}],"author":[{"embeddable":true,"href":"https:\/\/infozamoraec.com\/index.php\/wp-json\/wp\/v2\/users\/1"}],"replies":[{"embeddable":true,"href":"https:\/\/infozamoraec.com\/index.php\/wp-json\/wp\/v2\/comments?post=11304"}],"version-history":[{"count":1,"href":"https:\/\/infozamoraec.com\/index.php\/wp-json\/wp\/v2\/posts\/11304\/revisions"}],"predecessor-version":[{"id":11306,"href":"https:\/\/infozamoraec.com\/index.php\/wp-json\/wp\/v2\/posts\/11304\/revisions\/11306"}],"wp:featuredmedia":[{"embeddable":true,"href":"https:\/\/infozamoraec.com\/index.php\/wp-json\/wp\/v2\/media\/11305"}],"wp:attachment":[{"href":"https:\/\/infozamoraec.com\/index.php\/wp-json\/wp\/v2\/media?parent=11304"}],"wp:term":[{"taxonomy":"category","embeddable":true,"href":"https:\/\/infozamoraec.com\/index.php\/wp-json\/wp\/v2\/categories?post=11304"},{"taxonomy":"post_tag","embeddable":true,"href":"https:\/\/infozamoraec.com\/index.php\/wp-json\/wp\/v2\/tags?post=11304"}],"curies":[{"name":"wp","href":"https:\/\/api.w.org\/{rel}","templated":true}]}}