{"id":11222,"date":"2025-04-03T21:33:36","date_gmt":"2025-04-03T21:33:36","guid":{"rendered":"https:\/\/infozamoraec.com\/?p=11222"},"modified":"2025-04-03T21:34:07","modified_gmt":"2025-04-03T21:34:07","slug":"nangaritza-se-prepara-para-el-8vo-festival-regional-amazonico-de-la-chonta-y-la-culebra","status":"publish","type":"post","link":"https:\/\/infozamoraec.com\/index.php\/2025\/04\/03\/nangaritza-se-prepara-para-el-8vo-festival-regional-amazonico-de-la-chonta-y-la-culebra\/","title":{"rendered":"Nangaritza se prepara para el 8vo Festival Regional Amaz\u00f3nico de la Chonta y la Culebra"},"content":{"rendered":"<p class=\"\" data-start=\"99\" data-end=\"389\">\u00a0Con un emotivo acto, el mi\u00e9rcoles <strong data-start=\"167\" data-end=\"181\">1 de abril<\/strong> se llev\u00f3 a cabo el lanzamiento oficial del <strong data-start=\"225\" data-end=\"304\">8vo Festival Regional Amaz\u00f3nico de la Chonta y la Culebra &#8211; Nangaritza 2025<\/strong>, un evento que resalta la riqueza cultural y ancestral de la Amazon\u00eda ecuatoriana.<\/p>\n<p class=\"\" data-start=\"391\" data-end=\"678\">El evento cont\u00f3 con la presencia del <strong data-start=\"428\" data-end=\"505\">director de la Casa de la Cultura Ecuatoriana, n\u00facleo de Zamora Chinchipe<\/strong>, y representantes de diversas instituciones p\u00fablicas y privadas, quienes destacaron la importancia de este festival para la identidad y la memoria colectiva de la regi\u00f3n.<\/p>\n<p class=\"\" data-start=\"680\" data-end=\"962\">Desde la <strong data-start=\"689\" data-end=\"733\">Extensi\u00f3n Cultural del cant\u00f3n Nangaritza<\/strong>, se reafirm\u00f3 el compromiso con la promoci\u00f3n del arte y las tradiciones amaz\u00f3nicas, resaltando que esta edici\u00f3n del festival traer\u00e1 consigo una variada programaci\u00f3n llena de <strong data-start=\"907\" data-end=\"959\">color, m\u00fasica, gastronom\u00eda y saberes ancestrales<\/strong>.<\/p>\n<p class=\"\" data-start=\"964\" data-end=\"1110\">Las autoridades y gestores culturales hicieron un llamado a la comunidad a sumarse a esta celebraci\u00f3n, que fortalece el orgullo de ser amaz\u00f3nicos.<\/p>\n","protected":false},"excerpt":{"rendered":"<p>\u00a0Con un emotivo acto, el mi\u00e9rcoles 1 de abril se llev\u00f3 a cabo el lanzamiento oficial del 8vo Festival Regional Amaz\u00f3nico de la Chonta y la Culebra &#8211; Nangaritza 2025, un evento que resalta la riqueza cultural y ancestral de la Amazon\u00eda ecuatoriana. El evento cont\u00f3 con la presencia del director de la Casa de [&hellip;]<\/p>\n","protected":false},"author":1,"featured_media":11223,"comment_status":"open","ping_status":"open","sticky":false,"template":"","format":"standard","meta":{"footnotes":""},"categories":[9],"tags":[],"_links":{"self":[{"href":"https:\/\/infozamoraec.com\/index.php\/wp-json\/wp\/v2\/posts\/11222"}],"collection":[{"href":"https:\/\/infozamoraec.com\/index.php\/wp-json\/wp\/v2\/posts"}],"about":[{"href":"https:\/\/infozamoraec.com\/index.php\/wp-json\/wp\/v2\/types\/post"}],"author":[{"embeddable":true,"href":"https:\/\/infozamoraec.com\/index.php\/wp-json\/wp\/v2\/users\/1"}],"replies":[{"embeddable":true,"href":"https:\/\/infozamoraec.com\/index.php\/wp-json\/wp\/v2\/comments?post=11222"}],"version-history":[{"count":2,"href":"https:\/\/infozamoraec.com\/index.php\/wp-json\/wp\/v2\/posts\/11222\/revisions"}],"predecessor-version":[{"id":11225,"href":"https:\/\/infozamoraec.com\/index.php\/wp-json\/wp\/v2\/posts\/11222\/revisions\/11225"}],"wp:featuredmedia":[{"embeddable":true,"href":"https:\/\/infozamoraec.com\/index.php\/wp-json\/wp\/v2\/media\/11223"}],"wp:attachment":[{"href":"https:\/\/infozamoraec.com\/index.php\/wp-json\/wp\/v2\/media?parent=11222"}],"wp:term":[{"taxonomy":"category","embeddable":true,"href":"https:\/\/infozamoraec.com\/index.php\/wp-json\/wp\/v2\/categories?post=11222"},{"taxonomy":"post_tag","embeddable":true,"href":"https:\/\/infozamoraec.com\/index.php\/wp-json\/wp\/v2\/tags?post=11222"}],"curies":[{"name":"wp","href":"https:\/\/api.w.org\/{rel}","templated":true}]}}