{"id":11184,"date":"2025-04-03T00:15:14","date_gmt":"2025-04-03T00:15:14","guid":{"rendered":"https:\/\/infozamoraec.com\/?p=11184"},"modified":"2025-04-03T00:15:14","modified_gmt":"2025-04-03T00:15:14","slug":"coe-cantonal-de-yantzaza-declara-alerta-sanitaria-por-aumento-de-casos-de-dengue","status":"publish","type":"post","link":"https:\/\/infozamoraec.com\/index.php\/2025\/04\/03\/coe-cantonal-de-yantzaza-declara-alerta-sanitaria-por-aumento-de-casos-de-dengue\/","title":{"rendered":"COE Cantonal de Yantzaza declara alerta sanitaria por aumento de casos de dengue"},"content":{"rendered":"<p class=\"\" data-start=\"92\" data-end=\"295\">\u00a0Ante el incremento de casos de dengue en el cant\u00f3n, el <strong data-start=\"182\" data-end=\"198\">COE Cantonal<\/strong> declar\u00f3 <strong data-start=\"207\" data-end=\"227\">alerta sanitaria<\/strong> e implement\u00f3 medidas para frenar la propagaci\u00f3n de la enfermedad.<\/p>\n<p class=\"\" data-start=\"297\" data-end=\"602\">Entre las acciones establecidas se incluyen el <strong data-start=\"344\" data-end=\"379\">refuerzo de medidas preventivas<\/strong> y la ejecuci\u00f3n de <strong data-start=\"398\" data-end=\"429\">campa\u00f1as de concientizaci\u00f3n<\/strong> dirigidas a la ciudadan\u00eda. Las autoridades instaron a la poblaci\u00f3n a colaborar en la eliminaci\u00f3n de criaderos de mosquitos y a mantener limpios sus hogares y alrededores.<\/p>\n<p class=\"\" data-start=\"604\" data-end=\"844\">El COE Cantonal reiter\u00f3 la importancia de la prevenci\u00f3n y pidi\u00f3 a la comunidad estar atenta a los s\u00edntomas del dengue, como fiebre alta, dolor muscular y sarpullido, recomendando acudir de inmediato a un centro de salud en caso de sospecha.<\/p>\n","protected":false},"excerpt":{"rendered":"<p>\u00a0Ante el incremento de casos de dengue en el cant\u00f3n, el COE Cantonal declar\u00f3 alerta sanitaria e implement\u00f3 medidas para frenar la propagaci\u00f3n de la enfermedad. Entre las acciones establecidas se incluyen el refuerzo de medidas preventivas y la ejecuci\u00f3n de campa\u00f1as de concientizaci\u00f3n dirigidas a la ciudadan\u00eda. Las autoridades instaron a la poblaci\u00f3n a [&hellip;]<\/p>\n","protected":false},"author":1,"featured_media":11185,"comment_status":"open","ping_status":"open","sticky":false,"template":"","format":"standard","meta":{"footnotes":""},"categories":[9],"tags":[],"_links":{"self":[{"href":"https:\/\/infozamoraec.com\/index.php\/wp-json\/wp\/v2\/posts\/11184"}],"collection":[{"href":"https:\/\/infozamoraec.com\/index.php\/wp-json\/wp\/v2\/posts"}],"about":[{"href":"https:\/\/infozamoraec.com\/index.php\/wp-json\/wp\/v2\/types\/post"}],"author":[{"embeddable":true,"href":"https:\/\/infozamoraec.com\/index.php\/wp-json\/wp\/v2\/users\/1"}],"replies":[{"embeddable":true,"href":"https:\/\/infozamoraec.com\/index.php\/wp-json\/wp\/v2\/comments?post=11184"}],"version-history":[{"count":1,"href":"https:\/\/infozamoraec.com\/index.php\/wp-json\/wp\/v2\/posts\/11184\/revisions"}],"predecessor-version":[{"id":11186,"href":"https:\/\/infozamoraec.com\/index.php\/wp-json\/wp\/v2\/posts\/11184\/revisions\/11186"}],"wp:featuredmedia":[{"embeddable":true,"href":"https:\/\/infozamoraec.com\/index.php\/wp-json\/wp\/v2\/media\/11185"}],"wp:attachment":[{"href":"https:\/\/infozamoraec.com\/index.php\/wp-json\/wp\/v2\/media?parent=11184"}],"wp:term":[{"taxonomy":"category","embeddable":true,"href":"https:\/\/infozamoraec.com\/index.php\/wp-json\/wp\/v2\/categories?post=11184"},{"taxonomy":"post_tag","embeddable":true,"href":"https:\/\/infozamoraec.com\/index.php\/wp-json\/wp\/v2\/tags?post=11184"}],"curies":[{"name":"wp","href":"https:\/\/api.w.org\/{rel}","templated":true}]}}