{"id":11135,"date":"2025-04-02T00:44:56","date_gmt":"2025-04-02T00:44:56","guid":{"rendered":"https:\/\/infozamoraec.com\/?p=11135"},"modified":"2025-04-02T00:44:56","modified_gmt":"2025-04-02T00:44:56","slug":"paquisha-fortalece-la-proteccion-de-derechos-de-los-sectores-prioritarios","status":"publish","type":"post","link":"https:\/\/infozamoraec.com\/index.php\/2025\/04\/02\/paquisha-fortalece-la-proteccion-de-derechos-de-los-sectores-prioritarios\/","title":{"rendered":"Paquisha fortalece la protecci\u00f3n de derechos de los sectores prioritarios"},"content":{"rendered":"<p>Representantes de la Sociedad Civil y del Estado conforman el Consejo Cantonal de Protecci\u00f3n Integral de Derechos de Paquisha periodo 2025-2027, el cual fue posesionado este lunes 31 de marzo de 2025.<br \/>\nCon el fin de fortalecer la garant\u00eda y promoci\u00f3n de los derechos de la ciudadan\u00eda de Paquisha, el Consejo Cantonal de Protecci\u00f3n Integral de Derechos, llev\u00f3 a cabo en la sala de reuniones del GAD Municipal, la sesi\u00f3n solemne y toma de juramento de los nuevos integrantes de la sociedad civil y del Estado que conformar\u00e1n este \u00f3rgano colegiado.<\/p>\n<p>Los integrantes por el Estado lo conforman; el alcalde Pa\u00fal Rodr\u00edguez, como presidente; Tania Luzuriaga, secretaria t\u00e9cnica; Patricio Medina del Ministerio de Salud (MSP); Ren\u00e9 Le\u00f3n del Ministerio Inclusi\u00f3n Econ\u00f3mica y Social (MIES), la concejala Rosa Paqui de la Comisi\u00f3n de Igualdad de G\u00e9nero; Juan Medina y Juan Sarango, representantes de los GAD Parroquiales.<\/p>\n<p>\u201cLa participaci\u00f3n de la sociedad civil es un pilar fundamental, pues representa la voz y las necesidades de nuestra comunidad, asegurando que las acciones y decisiones tomadas responden a la realidad de nuestro cant\u00f3n, es as\u00ed, que debemos cumplir con el bienestar de los grupos de atenci\u00f3n prioritaria\u201d, mencion\u00f3 el burgomaestre.<\/p>\n<p>Mientras que los integrantes por la Sociedad Civil lo conforman; como representantes de las organizaciones \u00e9tnicas e interculturales; Dayana Paqui y Wilfrido Shunta; delegados de las personas con discapacidad, Christian Jim\u00e9nez y Elva Soto; por las organizaciones de la ni\u00f1ez, adolescencia y juventud, Ang\u00e9lica Aguilar y Gabriel Santana; representante de movilidad humana, Luz Su\u00e1rez; por las organizaciones de g\u00e9nero, Tania R\u00edos y los delegados por las personas adultos mayores, Eduardo Malla e Isabel Rivera Granda.<\/p>\n<p>\u201cConsidero que es un paso grande al implementar representantes que podamos velar por nuestro sector, quienes necesitamos levantar la voz para que los requerimientos que tenemos sean atendidos\u201d, mencion\u00f3 Ang\u00e9lica Aguilar, representante de la ni\u00f1ez, adolescencia y juventud.<\/p>\n<p>Por su parte Dayana Paqui, destac\u00f3, que ahora es muy importante trabajar en conjunto y as\u00ed disminuir la violencia que existe en el sector intercultural y que estar\u00e1n pendientes a cualquier acto que se presente para apoyar y exigir el cumplimiento de los derechos<\/p>\n","protected":false},"excerpt":{"rendered":"<p>Representantes de la Sociedad Civil y del Estado conforman el Consejo Cantonal de Protecci\u00f3n Integral de Derechos de Paquisha periodo 2025-2027, el cual fue posesionado este lunes 31 de marzo de 2025. Con el fin de fortalecer la garant\u00eda y promoci\u00f3n de los derechos de la ciudadan\u00eda de Paquisha, el Consejo Cantonal de Protecci\u00f3n Integral [&hellip;]<\/p>\n","protected":false},"author":1,"featured_media":11136,"comment_status":"open","ping_status":"open","sticky":false,"template":"","format":"standard","meta":{"footnotes":""},"categories":[9],"tags":[],"_links":{"self":[{"href":"https:\/\/infozamoraec.com\/index.php\/wp-json\/wp\/v2\/posts\/11135"}],"collection":[{"href":"https:\/\/infozamoraec.com\/index.php\/wp-json\/wp\/v2\/posts"}],"about":[{"href":"https:\/\/infozamoraec.com\/index.php\/wp-json\/wp\/v2\/types\/post"}],"author":[{"embeddable":true,"href":"https:\/\/infozamoraec.com\/index.php\/wp-json\/wp\/v2\/users\/1"}],"replies":[{"embeddable":true,"href":"https:\/\/infozamoraec.com\/index.php\/wp-json\/wp\/v2\/comments?post=11135"}],"version-history":[{"count":1,"href":"https:\/\/infozamoraec.com\/index.php\/wp-json\/wp\/v2\/posts\/11135\/revisions"}],"predecessor-version":[{"id":11137,"href":"https:\/\/infozamoraec.com\/index.php\/wp-json\/wp\/v2\/posts\/11135\/revisions\/11137"}],"wp:featuredmedia":[{"embeddable":true,"href":"https:\/\/infozamoraec.com\/index.php\/wp-json\/wp\/v2\/media\/11136"}],"wp:attachment":[{"href":"https:\/\/infozamoraec.com\/index.php\/wp-json\/wp\/v2\/media?parent=11135"}],"wp:term":[{"taxonomy":"category","embeddable":true,"href":"https:\/\/infozamoraec.com\/index.php\/wp-json\/wp\/v2\/categories?post=11135"},{"taxonomy":"post_tag","embeddable":true,"href":"https:\/\/infozamoraec.com\/index.php\/wp-json\/wp\/v2\/tags?post=11135"}],"curies":[{"name":"wp","href":"https:\/\/api.w.org\/{rel}","templated":true}]}}