{"id":11098,"date":"2025-04-01T02:33:03","date_gmt":"2025-04-01T02:33:03","guid":{"rendered":"https:\/\/infozamoraec.com\/?p=11098"},"modified":"2025-04-01T02:33:03","modified_gmt":"2025-04-01T02:33:03","slug":"prefectura-fortalece-proyectos-de-pueblos-y-nacionalidades","status":"publish","type":"post","link":"https:\/\/infozamoraec.com\/index.php\/2025\/04\/01\/prefectura-fortalece-proyectos-de-pueblos-y-nacionalidades\/","title":{"rendered":"Prefectura fortalece proyectos de Pueblos y Nacionalidades"},"content":{"rendered":"<p style=\"font-weight: 400;\">La Prefectura de Zamora Chinchipe a trav\u00e9s de la direcci\u00f3n de Inclusi\u00f3n Social ejecuta el proyecto:\u00a0<strong>\u201cFortalecimiento y rescate de las costumbres y tradiciones desde la cosmovisi\u00f3n de las comunidades, pueblos y nacionalidades de la provincia\u201d,<\/strong>\u00a0en este sentido, se conmemor\u00f3 una jornada de actividades en homenaje a los 23 a\u00f1os de la comunidad Mart\u00edn Ujukam, una Nacionalidad asentada a diez minutos de la ciudad de Zamora.<\/p>\n<p style=\"font-weight: 400;\">Las actividades iniciaron desde las 05:00, con un ritual ancestral en el r\u00edo local, y desde las 10:00, se efectu\u00f3 la programaci\u00f3n: feria productiva, gastron\u00f3mica, artesanal y de emprendimientos; danzas; encuentros deportivos; y juegos ancestrales, entre ellos, el soplo de la bodoquera, lanzamiento de la lanza, resistencia debajo del agua, mejor corronchero, entre otros.<\/p>\n<p style=\"font-weight: 400;\">Las mujeres de esta comunidad expusieron productos elaborados y cosechados con sus manos como: shampoo a base de hierbas, chicha de yuca y chonta, aj\u00ed; plantas nativas como, piripiri para ahuyentar al amingo, camote, yuca, pl\u00e1tano, ca\u00f1as. Entre los platos t\u00edpicos no faltaron los exquisitos ayampacos de pollo y pescado, asado de chontacuro y el caldo de corroncho.<\/p>\n<p style=\"font-weight: 400;\">Su presidente Galo Pinchop\u00e1, resalt\u00f3 que, con este proyecto se motiva a las nuevas generaciones a seguir manteniendo su identidad, a trav\u00e9s de los conocimientos ancestrales y as\u00ed fortalecer e impulsar el turismo comunitario (\u2026),\u00a0<strong>\u201cagradecerle a la prefecta Karla y decirle que tenemos muchos proyectos para Mart\u00edn Ujukam, entre ellos, visibilizar la vida de nuestro m\u00e1ximo guerrero, a sabiendas de que aqu\u00ed estamos asentados la descendencia de Mart\u00edn Ujukam\u201d.<\/strong><\/p>\n<p style=\"font-weight: 400;\">Karla Re\u00e1tegui, prefecta de Zamora Chinchipe, mencion\u00f3 que se mantendr\u00e1n este tipo de proyectos para potenciar la conservaci\u00f3n de sus saberes como un fuerte de desarrollo tur\u00edstico comunitario,\u00a0<strong>\u201cfelicitamos al trabajo de Mart\u00edn Ujukam, que pensando siempre en los m\u00e1s peque\u00f1os y adolescentes, contin\u00faan trabajando y mostrando ese cari\u00f1o en sus actividades, cuenten siempre con la Prefectura, vamos a implementar nuevos proyectos con las mujeres de la Nacionalidad Shuar para seguir recuperando la sabidur\u00eda\u2026\u201d.<\/strong><\/p>\n<p style=\"font-weight: 400;\">Tambi\u00e9n particip\u00f3 de la jornada el viceprefecto, V\u00edctor Sarango, quien destac\u00f3 que el trabajo no solo se refleja en vialidad y m\u00e1s competencias sino en lo cultural a trav\u00e9s del componente de Pueblos y Nacionalidades y los resultados est\u00e1n a la vista de todos.<\/p>\n<p style=\"font-weight: 400;\"><strong>Dato:<\/strong><\/p>\n<p style=\"font-weight: 400;\">La Prefectura aport\u00f3 con\u00a0<strong>$ 4.000,00<\/strong>\u00a0para el desarrollo del evento, que incluye incentivos, abonos y plantas para los participantes de la Feria.<\/p>\n","protected":false},"excerpt":{"rendered":"<p>La Prefectura de Zamora Chinchipe a trav\u00e9s de la direcci\u00f3n de Inclusi\u00f3n Social ejecuta el proyecto:\u00a0\u201cFortalecimiento y rescate de las costumbres y tradiciones desde la cosmovisi\u00f3n de las comunidades, pueblos y nacionalidades de la provincia\u201d,\u00a0en este sentido, se conmemor\u00f3 una jornada de actividades en homenaje a los 23 a\u00f1os de la comunidad Mart\u00edn Ujukam, una [&hellip;]<\/p>\n","protected":false},"author":1,"featured_media":11099,"comment_status":"open","ping_status":"open","sticky":false,"template":"","format":"standard","meta":{"footnotes":""},"categories":[9],"tags":[],"_links":{"self":[{"href":"https:\/\/infozamoraec.com\/index.php\/wp-json\/wp\/v2\/posts\/11098"}],"collection":[{"href":"https:\/\/infozamoraec.com\/index.php\/wp-json\/wp\/v2\/posts"}],"about":[{"href":"https:\/\/infozamoraec.com\/index.php\/wp-json\/wp\/v2\/types\/post"}],"author":[{"embeddable":true,"href":"https:\/\/infozamoraec.com\/index.php\/wp-json\/wp\/v2\/users\/1"}],"replies":[{"embeddable":true,"href":"https:\/\/infozamoraec.com\/index.php\/wp-json\/wp\/v2\/comments?post=11098"}],"version-history":[{"count":1,"href":"https:\/\/infozamoraec.com\/index.php\/wp-json\/wp\/v2\/posts\/11098\/revisions"}],"predecessor-version":[{"id":11100,"href":"https:\/\/infozamoraec.com\/index.php\/wp-json\/wp\/v2\/posts\/11098\/revisions\/11100"}],"wp:featuredmedia":[{"embeddable":true,"href":"https:\/\/infozamoraec.com\/index.php\/wp-json\/wp\/v2\/media\/11099"}],"wp:attachment":[{"href":"https:\/\/infozamoraec.com\/index.php\/wp-json\/wp\/v2\/media?parent=11098"}],"wp:term":[{"taxonomy":"category","embeddable":true,"href":"https:\/\/infozamoraec.com\/index.php\/wp-json\/wp\/v2\/categories?post=11098"},{"taxonomy":"post_tag","embeddable":true,"href":"https:\/\/infozamoraec.com\/index.php\/wp-json\/wp\/v2\/tags?post=11098"}],"curies":[{"name":"wp","href":"https:\/\/api.w.org\/{rel}","templated":true}]}}