{"id":11094,"date":"2025-04-01T02:31:16","date_gmt":"2025-04-01T02:31:16","guid":{"rendered":"https:\/\/infozamoraec.com\/?p=11094"},"modified":"2025-04-01T02:31:42","modified_gmt":"2025-04-01T02:31:42","slug":"convenio-tripartito-a-favor-de-la-educacion-en-centinela-del-condor","status":"publish","type":"post","link":"https:\/\/infozamoraec.com\/index.php\/2025\/04\/01\/convenio-tripartito-a-favor-de-la-educacion-en-centinela-del-condor\/","title":{"rendered":"Convenio tripartito a favor de la Educaci\u00f3n en Centinela del C\u00f3ndor"},"content":{"rendered":"<p style=\"font-weight: 400;\">Contar con espacios adecuados para el aprendizaje y desarrollo educativo de los ni\u00f1os y adolescentes es fundamental, por ello, la Prefectura de Zamora Chinchipe, la Alcald\u00eda de Centinela del C\u00f3ndor y el Distrito de Educaci\u00f3n 19D02, a trav\u00e9s de un convenio tripartito dieron por iniciada la construcci\u00f3n de un nuevo Bloque de Aula en la Unidad Educativa \u201c<strong>General Epiclachima\u201d<\/strong>, en la ciudad de Zumbi.<\/p>\n<p style=\"font-weight: 400;\">Esta obra tiene una inversi\u00f3n total de\u00a0<strong>USD 160.000,00<\/strong>; la instituci\u00f3n provincial aporta con\u00a0<strong>USD 100.000,00<\/strong>\u00a0y como contraparte, el Gad Municipal aporta con\u00a0<strong>USD 60.000,00<\/strong>. La construcci\u00f3n de esta infraestructura beneficiar\u00e1 a 338 estudiantes y 15 docentes.<\/p>\n<p style=\"font-weight: 400;\">Asimismo, el proyecto comprender\u00e1 de dos plantas, seis aulas modulares, incluye la caja de escaleras en hormig\u00f3n armado, instalaciones el\u00e9ctricas y sanitarias; y su ejecuci\u00f3n ser\u00e1 en un plazo de cinco meses.<\/p>\n<p style=\"font-weight: 400;\">Carmen Tuza, rectora de la Unidad Educativa, agradeci\u00f3 profundamente a todos quienes hacen posible esta obra\u00a0<strong><em>\u201cque este d\u00eda quede en nuestra memoria como el inicio de un gran paso al fortalecimiento de nuestra instituci\u00f3n\u201d<\/em><\/strong>, dijo.<\/p>\n<p style=\"font-weight: 400;\">El presidente del comit\u00e9 de padres de familia, Luis Chuquimarca en su intervenci\u00f3n agradeci\u00f3 el apoyo de la prefecta Karla Re\u00e1tegui que les ha permitido avanzar con este proyecto tan importante\u00a0<strong><em>\u201csu aporte constante a la educaci\u00f3n demuestra un verdadero compromiso con el futuro de nuestros ni\u00f1os y j\u00f3venes que se educan aqu\u00ed\u201d<\/em><\/strong>, manifest\u00f3.<\/p>\n<p style=\"font-weight: 400;\">Por su parte, Cirilo Romero, director del Distrito de Educaci\u00f3n 19D02 mencion\u00f3\u00a0<strong><em>\u201ccuando hay la voluntad de trabajar, hay esos resultados que hoy estamos teniendo\u201d<\/em><\/strong>.<\/p>\n<p style=\"font-weight: 400;\">Finalmente, la primera autoridad provincial destac\u00f3 el trabajo contundente que se est\u00e1 realizando en el cant\u00f3n Centinela del C\u00f3ndor\u00a0<strong><em>\u201cdesde el Gobierno Provincial tenemos destinado alrededor de un mill\u00f3n y medio de d\u00f3lares en aportes a la educaci\u00f3n, un monto bastante importante de los pocos recursos que tenemos como prefectura\u201d<\/em><\/strong>, expres\u00f3 Karla Re\u00e1tegui.<\/p>\n<p style=\"font-weight: 400;\">Este sue\u00f1o tan anhelado por muchos a\u00f1os de los estudiantes, docentes y padres de familia, se hace realidad gracias al trabajo coordinado que se viene realizando con las autoridades locales de turno, sin importar la bandera pol\u00edtica, porque las gestiones en unidad permiten el desarrollo de la provincia.<\/p>\n","protected":false},"excerpt":{"rendered":"<p>Contar con espacios adecuados para el aprendizaje y desarrollo educativo de los ni\u00f1os y adolescentes es fundamental, por ello, la Prefectura de Zamora Chinchipe, la Alcald\u00eda de Centinela del C\u00f3ndor y el Distrito de Educaci\u00f3n 19D02, a trav\u00e9s de un convenio tripartito dieron por iniciada la construcci\u00f3n de un nuevo Bloque de Aula en la [&hellip;]<\/p>\n","protected":false},"author":1,"featured_media":11095,"comment_status":"open","ping_status":"open","sticky":false,"template":"","format":"standard","meta":{"footnotes":""},"categories":[9],"tags":[],"_links":{"self":[{"href":"https:\/\/infozamoraec.com\/index.php\/wp-json\/wp\/v2\/posts\/11094"}],"collection":[{"href":"https:\/\/infozamoraec.com\/index.php\/wp-json\/wp\/v2\/posts"}],"about":[{"href":"https:\/\/infozamoraec.com\/index.php\/wp-json\/wp\/v2\/types\/post"}],"author":[{"embeddable":true,"href":"https:\/\/infozamoraec.com\/index.php\/wp-json\/wp\/v2\/users\/1"}],"replies":[{"embeddable":true,"href":"https:\/\/infozamoraec.com\/index.php\/wp-json\/wp\/v2\/comments?post=11094"}],"version-history":[{"count":2,"href":"https:\/\/infozamoraec.com\/index.php\/wp-json\/wp\/v2\/posts\/11094\/revisions"}],"predecessor-version":[{"id":11097,"href":"https:\/\/infozamoraec.com\/index.php\/wp-json\/wp\/v2\/posts\/11094\/revisions\/11097"}],"wp:featuredmedia":[{"embeddable":true,"href":"https:\/\/infozamoraec.com\/index.php\/wp-json\/wp\/v2\/media\/11095"}],"wp:attachment":[{"href":"https:\/\/infozamoraec.com\/index.php\/wp-json\/wp\/v2\/media?parent=11094"}],"wp:term":[{"taxonomy":"category","embeddable":true,"href":"https:\/\/infozamoraec.com\/index.php\/wp-json\/wp\/v2\/categories?post=11094"},{"taxonomy":"post_tag","embeddable":true,"href":"https:\/\/infozamoraec.com\/index.php\/wp-json\/wp\/v2\/tags?post=11094"}],"curies":[{"name":"wp","href":"https:\/\/api.w.org\/{rel}","templated":true}]}}