{"id":11090,"date":"2025-03-29T02:42:59","date_gmt":"2025-03-29T02:42:59","guid":{"rendered":"https:\/\/infozamoraec.com\/?p=11090"},"modified":"2025-03-29T02:42:59","modified_gmt":"2025-03-29T02:42:59","slug":"gad-el-pangui-fortalece-el-sector-productivo-con-apoyo-integral","status":"publish","type":"post","link":"https:\/\/infozamoraec.com\/index.php\/2025\/03\/29\/gad-el-pangui-fortalece-el-sector-productivo-con-apoyo-integral\/","title":{"rendered":"GAD El Pangui fortalece el sector productivo con apoyo integral"},"content":{"rendered":"<p>La alcald\u00eda de El Pangui, impulsa al sector agroproductivo de la \u201cOrqu\u00eddea de la Amazon\u00eda, para ello lleva adelante el \u201cProyecto de Desarrollo Productivo 2025\u201d iniciativa que beneficia al sector: ganadero, agr\u00edcola y emprendedor de la zona. Para este visionario objetivo el ayuntamiento ha destinado un monto de inversi\u00f3n de USD. 250.000 d\u00f3lares.<\/p>\n<p>Para esta labor que se ejecuta a trav\u00e9s de la direcci\u00f3n de Ambiente y Servicios Municipales, se ha destinado asesoramiento t\u00e9cnico (con 3 profesionales) y dotaci\u00f3n de insumos esenciales para fortalecer las actividades agr\u00edcolas y ganaderas del cant\u00f3n.<\/p>\n<p>Como parte inicial de la puesta en marcha de esta iniciativa, se entreg\u00f3 a los productores de la zona que participaron de la feria ganadera de cantonizaci\u00f3n m\u00e1s de un centenar de kits agr\u00edcolas, mismos que conten\u00edan: botas, tijera, saco de abono 10-30-10 y cal agr\u00edcola; as\u00ed tambi\u00e9n se entreg\u00f3 kits veterinarios compuestos por: rollo de cabo, vitaminas PQ Fost, vitamina ADE3 y matagusanos.<\/p>\n<p>Pero eso no es todo, la municipalidad inici\u00f3 con espacios de capacitaci\u00f3n en t\u00e9cnicas de poda y colocaci\u00f3n de cal (encalado), lo que permitir\u00e1 mejorar la producci\u00f3n de: pitahaya, papaya, vainilla, pl\u00e1tano, ma\u00edz, pastos, ca\u00f1a de az\u00facar, guan\u00e1bana y hortalizas menores; en el \u00e1mbito ganadero, reciben asesoramiento en el manejo eficiente de su ganado y pasto, enfocado en el mejoramiento de la salud y productividad de los animales.<\/p>\n<p>Equipo t\u00e9cnico lo componen profesionales en estas \u00e1reas:<\/p>\n<p>Dr. Pa\u00fal Campoverde, t\u00e9cnico veterinario: 098-025-3285<\/p>\n<p>Ing. Pedro Castillo, t\u00e9cnico agr\u00f3nomo: 093-913-6963<\/p>\n<p>Ing. Jessica Azuero, t\u00e9cnica de emprendimiento productivo: 098-655-8258<\/p>\n<p>Eliseo Pintado, productor de la parroquia El Guismi fue uno de los beneficiados de estas jornadas de ense\u00f1anzas de aprendizaje; \u00e9l, agradeci\u00f3 a la primera autoridad del cant\u00f3n, indica \u201cnos est\u00e1 ense\u00f1ando la podada y tambi\u00e9n nos ha dado fertilizante para las plantas, para la mayor producci\u00f3n del cacao\u201d, manifest\u00f3 visiblemente complacido.<\/p>\n<p>Por su parte Pa\u00fal Espejo, ganadero y productor; dijo \u201cnos han ayudado en divisi\u00f3n de potreros, manejo de fitosanitario en pastos e higiene en ganado y mejor\u00eda gen\u00e9tica de ganado\u201d.<\/p>\n<p>Para Richard Lojano, director de Ambiente y Servicios Municipales esta es una gran iniciativa que pretende fortalecer la actividad productiva en El Pangui \u201cel compromiso de la m\u00e1xima autoridad es atender a los sectores que m\u00e1s lo requieren y con estas estrategias lo estamos consiguiendo\u201d destac\u00f3.<\/p>\n","protected":false},"excerpt":{"rendered":"<p>La alcald\u00eda de El Pangui, impulsa al sector agroproductivo de la \u201cOrqu\u00eddea de la Amazon\u00eda, para ello lleva adelante el \u201cProyecto de Desarrollo Productivo 2025\u201d iniciativa que beneficia al sector: ganadero, agr\u00edcola y emprendedor de la zona. Para este visionario objetivo el ayuntamiento ha destinado un monto de inversi\u00f3n de USD. 250.000 d\u00f3lares. Para esta [&hellip;]<\/p>\n","protected":false},"author":1,"featured_media":11091,"comment_status":"open","ping_status":"open","sticky":false,"template":"","format":"standard","meta":{"footnotes":""},"categories":[9],"tags":[],"_links":{"self":[{"href":"https:\/\/infozamoraec.com\/index.php\/wp-json\/wp\/v2\/posts\/11090"}],"collection":[{"href":"https:\/\/infozamoraec.com\/index.php\/wp-json\/wp\/v2\/posts"}],"about":[{"href":"https:\/\/infozamoraec.com\/index.php\/wp-json\/wp\/v2\/types\/post"}],"author":[{"embeddable":true,"href":"https:\/\/infozamoraec.com\/index.php\/wp-json\/wp\/v2\/users\/1"}],"replies":[{"embeddable":true,"href":"https:\/\/infozamoraec.com\/index.php\/wp-json\/wp\/v2\/comments?post=11090"}],"version-history":[{"count":1,"href":"https:\/\/infozamoraec.com\/index.php\/wp-json\/wp\/v2\/posts\/11090\/revisions"}],"predecessor-version":[{"id":11092,"href":"https:\/\/infozamoraec.com\/index.php\/wp-json\/wp\/v2\/posts\/11090\/revisions\/11092"}],"wp:featuredmedia":[{"embeddable":true,"href":"https:\/\/infozamoraec.com\/index.php\/wp-json\/wp\/v2\/media\/11091"}],"wp:attachment":[{"href":"https:\/\/infozamoraec.com\/index.php\/wp-json\/wp\/v2\/media?parent=11090"}],"wp:term":[{"taxonomy":"category","embeddable":true,"href":"https:\/\/infozamoraec.com\/index.php\/wp-json\/wp\/v2\/categories?post=11090"},{"taxonomy":"post_tag","embeddable":true,"href":"https:\/\/infozamoraec.com\/index.php\/wp-json\/wp\/v2\/tags?post=11090"}],"curies":[{"name":"wp","href":"https:\/\/api.w.org\/{rel}","templated":true}]}}