{"id":11084,"date":"2025-03-29T02:36:06","date_gmt":"2025-03-29T02:36:06","guid":{"rendered":"https:\/\/infozamoraec.com\/?p=11084"},"modified":"2025-03-29T02:36:06","modified_gmt":"2025-03-29T02:36:06","slug":"minga-en-el-pangui-con-buenos-resultados","status":"publish","type":"post","link":"https:\/\/infozamoraec.com\/index.php\/2025\/03\/29\/minga-en-el-pangui-con-buenos-resultados\/","title":{"rendered":"Minga en El Pangui con buenos resultados"},"content":{"rendered":"<p>Con la participaci\u00f3n activa de aproximadamente 700 personas, la Alcald\u00eda de El Pangui, Ministerio de Salud P\u00fablica, GAD parroquiales y el Comit\u00e9 de Operaciones de Emergencia (COE) lideraron una gran minga de limpieza para combatir el dengue. En esta jornada, se sumaron instituciones educativas, el Cuerpo de Bomberos, las Fuerzas Armadas, la Polic\u00eda Nacional y otras entidades comprometidas con la salud p\u00fablica.<\/p>\n<p>Honorio Guam\u00e1n, ciudadano de la parroquia Pachicutza, destac\u00f3 la importancia de esta iniciativa y llam\u00f3 a la comunidad a sumarse a estas acciones preventivas \u201csalvar vidas es una responsabilidad de todos. Pedimos a la ciudadan\u00eda que colabore manteniendo limpios sus hogares para el bienestar de nuestras familias\u201d, expres\u00f3.<\/p>\n<p>La minga se desarroll\u00f3 en todo el cant\u00f3n, incluyendo sus tres parroquias: El Guismi, Tundayme y Pachicutza; y centros poblados, logrando recolectar aproximadamente dos toneladas de desechos, entre: llantas, botellas, basura y recipientes que acumulaban agua, principales criaderos del mosquito transmisor del dengue.<\/p>\n<p>Richard Lojano, director de Producci\u00f3n, Ambiente y Servicios Municipales, indic\u00f3 que la minga fue exitosa y que la colaboraci\u00f3n de la ciudadan\u00eda y las instituciones es fundamental para erradicar esta enfermedad \u201cgracias a todas las entidades que se sumaron a esta iniciativa liderada por el alcalde Jairo Herrera, vamos a continuar trabajando para erradicar el mosquito que est\u00e1 causando problemas en la salud de nuestro cant\u00f3n\u201d, concluy\u00f3.<\/p>\n<p>En la pr\u00f3xima semana con el apoyo del MSP, se continuar\u00e1 con el proceso de abatizaci\u00f3n y luego fumigaci\u00f3n, para seguir fortaleciendo la prevenci\u00f3n.<\/p>\n","protected":false},"excerpt":{"rendered":"<p>Con la participaci\u00f3n activa de aproximadamente 700 personas, la Alcald\u00eda de El Pangui, Ministerio de Salud P\u00fablica, GAD parroquiales y el Comit\u00e9 de Operaciones de Emergencia (COE) lideraron una gran minga de limpieza para combatir el dengue. En esta jornada, se sumaron instituciones educativas, el Cuerpo de Bomberos, las Fuerzas Armadas, la Polic\u00eda Nacional y [&hellip;]<\/p>\n","protected":false},"author":1,"featured_media":11085,"comment_status":"open","ping_status":"open","sticky":false,"template":"","format":"standard","meta":{"footnotes":""},"categories":[9],"tags":[],"_links":{"self":[{"href":"https:\/\/infozamoraec.com\/index.php\/wp-json\/wp\/v2\/posts\/11084"}],"collection":[{"href":"https:\/\/infozamoraec.com\/index.php\/wp-json\/wp\/v2\/posts"}],"about":[{"href":"https:\/\/infozamoraec.com\/index.php\/wp-json\/wp\/v2\/types\/post"}],"author":[{"embeddable":true,"href":"https:\/\/infozamoraec.com\/index.php\/wp-json\/wp\/v2\/users\/1"}],"replies":[{"embeddable":true,"href":"https:\/\/infozamoraec.com\/index.php\/wp-json\/wp\/v2\/comments?post=11084"}],"version-history":[{"count":1,"href":"https:\/\/infozamoraec.com\/index.php\/wp-json\/wp\/v2\/posts\/11084\/revisions"}],"predecessor-version":[{"id":11086,"href":"https:\/\/infozamoraec.com\/index.php\/wp-json\/wp\/v2\/posts\/11084\/revisions\/11086"}],"wp:featuredmedia":[{"embeddable":true,"href":"https:\/\/infozamoraec.com\/index.php\/wp-json\/wp\/v2\/media\/11085"}],"wp:attachment":[{"href":"https:\/\/infozamoraec.com\/index.php\/wp-json\/wp\/v2\/media?parent=11084"}],"wp:term":[{"taxonomy":"category","embeddable":true,"href":"https:\/\/infozamoraec.com\/index.php\/wp-json\/wp\/v2\/categories?post=11084"},{"taxonomy":"post_tag","embeddable":true,"href":"https:\/\/infozamoraec.com\/index.php\/wp-json\/wp\/v2\/tags?post=11084"}],"curies":[{"name":"wp","href":"https:\/\/api.w.org\/{rel}","templated":true}]}}