{"id":11054,"date":"2025-03-28T01:13:06","date_gmt":"2025-03-28T01:13:06","guid":{"rendered":"https:\/\/infozamoraec.com\/?p=11054"},"modified":"2025-03-28T01:13:06","modified_gmt":"2025-03-28T01:13:06","slug":"nuevo-directorio-de-la-camara-de-mineria-de-zamora-asume-funciones","status":"publish","type":"post","link":"https:\/\/infozamoraec.com\/index.php\/2025\/03\/28\/nuevo-directorio-de-la-camara-de-mineria-de-zamora-asume-funciones\/","title":{"rendered":"Nuevo directorio de la C\u00e1mara de Miner\u00eda de Zamora asume funciones"},"content":{"rendered":"<p class=\"\" data-start=\"78\" data-end=\"422\">El <strong data-start=\"81\" data-end=\"96\">27 de marzo<\/strong>, se realiz\u00f3 la posesi\u00f3n del nuevo directorio de la <strong data-start=\"148\" data-end=\"185\">C\u00e1mara de Miner\u00eda de Zamora (CMZ)<\/strong>, encabezado por <strong data-start=\"202\" data-end=\"225\">Pa\u00fal Pineda Cordero<\/strong>. Al evento asistieron autoridades locales, representantes provinciales de c\u00e1maras de miner\u00eda del Ecuador, acad\u00e9micos, asociaciones mineras de los nueve cantones de Zamora Chinchipe y ciudadanos.<\/p>\n<p class=\"\" data-start=\"424\" data-end=\"781\">La posesi\u00f3n del directorio estuvo a cargo del presidente de la <strong data-start=\"487\" data-end=\"517\">C\u00e1mara Nacional de Miner\u00eda<\/strong>, <strong data-start=\"519\" data-end=\"533\">\u00d3scar Loor<\/strong>. Posteriormente, <strong data-start=\"551\" data-end=\"566\">Pa\u00fal Pineda<\/strong> destac\u00f3 la importancia del di\u00e1logo y la construcci\u00f3n de propuestas para el desarrollo del sector minero, mencionando que el trabajo de la CMZ se enfocar\u00e1 en la sostenibilidad, innovaci\u00f3n y responsabilidad social.<\/p>\n<p class=\"\" data-start=\"783\" data-end=\"1054\">En su intervenci\u00f3n, Pineda se\u00f1al\u00f3 que la miner\u00eda es un sector clave para la econom\u00eda de Zamora Chinchipe y del pa\u00eds, por lo que hizo un llamado a fortalecer la cooperaci\u00f3n entre el sector minero, el Gobierno y la sociedad para garantizar una actividad legal y regulada.<\/p>\n<p class=\"\" data-start=\"1056\" data-end=\"1323\">Los presidentes de la <strong data-start=\"1078\" data-end=\"1108\">C\u00e1mara Nacional de Miner\u00eda<\/strong>, <strong data-start=\"1110\" data-end=\"1124\">\u00d3scar Loor<\/strong>, y de la <strong data-start=\"1134\" data-end=\"1183\">Asociaci\u00f3n de Ingenieros de Minas del Ecuador<\/strong>, <strong data-start=\"1185\" data-end=\"1203\">Flavio Granizo<\/strong>, felicitaron al nuevo directorio y manifestaron su disposici\u00f3n para trabajar en conjunto con la nueva administraci\u00f3n.<\/p>\n<p class=\"\" data-start=\"1325\" data-end=\"1607\">Durante la asamblea de la <strong data-start=\"1351\" data-end=\"1382\">C\u00e1mara de Miner\u00eda de Zamora<\/strong>, se resolvi\u00f3 solicitar al Gobierno, a trav\u00e9s de la Gobernaci\u00f3n, el reconocimiento de la CMZ como la organizaci\u00f3n que agrupa a todos los sectores mineros de la provincia, con el compromiso de cumplir con la normativa vigente.<\/p>\n","protected":false},"excerpt":{"rendered":"<p>El 27 de marzo, se realiz\u00f3 la posesi\u00f3n del nuevo directorio de la C\u00e1mara de Miner\u00eda de Zamora (CMZ), encabezado por Pa\u00fal Pineda Cordero. Al evento asistieron autoridades locales, representantes provinciales de c\u00e1maras de miner\u00eda del Ecuador, acad\u00e9micos, asociaciones mineras de los nueve cantones de Zamora Chinchipe y ciudadanos. La posesi\u00f3n del directorio estuvo a [&hellip;]<\/p>\n","protected":false},"author":1,"featured_media":11055,"comment_status":"open","ping_status":"open","sticky":false,"template":"","format":"standard","meta":{"footnotes":""},"categories":[9],"tags":[],"_links":{"self":[{"href":"https:\/\/infozamoraec.com\/index.php\/wp-json\/wp\/v2\/posts\/11054"}],"collection":[{"href":"https:\/\/infozamoraec.com\/index.php\/wp-json\/wp\/v2\/posts"}],"about":[{"href":"https:\/\/infozamoraec.com\/index.php\/wp-json\/wp\/v2\/types\/post"}],"author":[{"embeddable":true,"href":"https:\/\/infozamoraec.com\/index.php\/wp-json\/wp\/v2\/users\/1"}],"replies":[{"embeddable":true,"href":"https:\/\/infozamoraec.com\/index.php\/wp-json\/wp\/v2\/comments?post=11054"}],"version-history":[{"count":1,"href":"https:\/\/infozamoraec.com\/index.php\/wp-json\/wp\/v2\/posts\/11054\/revisions"}],"predecessor-version":[{"id":11056,"href":"https:\/\/infozamoraec.com\/index.php\/wp-json\/wp\/v2\/posts\/11054\/revisions\/11056"}],"wp:featuredmedia":[{"embeddable":true,"href":"https:\/\/infozamoraec.com\/index.php\/wp-json\/wp\/v2\/media\/11055"}],"wp:attachment":[{"href":"https:\/\/infozamoraec.com\/index.php\/wp-json\/wp\/v2\/media?parent=11054"}],"wp:term":[{"taxonomy":"category","embeddable":true,"href":"https:\/\/infozamoraec.com\/index.php\/wp-json\/wp\/v2\/categories?post=11054"},{"taxonomy":"post_tag","embeddable":true,"href":"https:\/\/infozamoraec.com\/index.php\/wp-json\/wp\/v2\/tags?post=11054"}],"curies":[{"name":"wp","href":"https:\/\/api.w.org\/{rel}","templated":true}]}}