{"id":11047,"date":"2025-03-28T00:22:14","date_gmt":"2025-03-28T00:22:14","guid":{"rendered":"https:\/\/infozamoraec.com\/?p=11047"},"modified":"2025-03-28T00:22:14","modified_gmt":"2025-03-28T00:22:14","slug":"el-servicio-de-equinoterapia-continua-cambiando-vidas-en-la-provincia","status":"publish","type":"post","link":"https:\/\/infozamoraec.com\/index.php\/2025\/03\/28\/el-servicio-de-equinoterapia-continua-cambiando-vidas-en-la-provincia\/","title":{"rendered":"El servicio de Equinoterapia contin\u00faa cambiando vidas en la Provincia"},"content":{"rendered":"<p style=\"font-weight: 400;\">Mar\u00eda Zaruma, madre de Liliana Elizabeth diagnosticada con atrofia cerebral, desde hace casi dos a\u00f1os hace uso del servicio de Equinoterapia en el Centro de Atenci\u00f3n a Personas con Discapacidad de la Prefectura de Zamora Chinchipe, emocionada dijo que desde que ingres\u00f3 a este centro su evoluci\u00f3n ha sido significativa.<\/p>\n<p style=\"font-weight: 400;\">La madre coment\u00f3 que su hija qued\u00f3 en estado vegetativo y desde ese momento su vida dio un giro total. A partir de ello, comenz\u00f3 a tocar puertas,\u00a0<strong>\u201choy por hoy, siento m\u00e1s tranquilidad porque va avanzando en su tratamiento, ya puede independizarse sola, pero en mi alrededor, aspiro que poco a poco se vaya desenvolviendo sola\u201d,<\/strong>\u00a0menciona al corroborar que el equinoterapia ha sido de gran ayuda en su desarrollo motriz.<\/p>\n<p style=\"font-weight: 400;\">Otra de las madres de familia, Yadira Cabrera, con l\u00e1grimas en sus ojos indic\u00f3 que la discapacidad f\u00edsica e intelectual de su ni\u00f1a la lleva con mucha paciencia y amor. A su criterio, las terapias con el caballo le han ayudado mucho para equilibrar sus emociones,\u00a0<strong>\u201cnoto los avances en mi hija, y sobre todo el cari\u00f1o que le pone el instructor es bueno porque se complementa con el servicio que brindan. Agradezco a la Prefectura por seguir con este proyecto pensando en quienes m\u00e1s lo necesitamos\u201d.<\/strong><\/p>\n<p style=\"font-weight: 400;\">Por su parte, Jorge Calva, t\u00e9cnico de equino, indic\u00f3 que es una terapia alternativa la que manejan y por ende los cambios en los usuarios son favorables gracias al trabajo de\u00a0<strong>\u201cChocolate\u201d<\/strong>\u00a0y\u00a0<strong>\u201cRey\u201d,<\/strong>\u00a0(nombres de los equinos), mismos que cumplen diferente funci\u00f3n, el primero por el apego lo utilizan los ni\u00f1os y el segundo es para quienes necesitan que el tratamiento sea m\u00e1s avanzado.<\/p>\n<p style=\"font-weight: 400;\">Al inicio de las terapias los pacientes tienen que sentir el afecto con el caballo, una vez sienten esa compatibilidad, se realiza la coordinaci\u00f3n y equilibrio del mismo, para luego cumplir con el proceso tridimensional: paso, trote y galope, entre otras.<\/p>\n<p style=\"font-weight: 400;\">Bajo el liderazgo de la prefecta Karla Re\u00e1tegui, el servicio de equinoterapia lleg\u00f3 en el 2023 a complementar el Centro de Rehabilitaci\u00f3n para personas con discapacidad, actualmente cuenta con\u00a0<strong>111<\/strong>\u00a0usuarios, entre Zamora (sector Betania), y Zumba (sector el Rejo).<\/p>\n<p style=\"font-weight: 400;\"><strong>\u00a0<\/strong><strong>Dato:<\/strong><\/p>\n<p style=\"font-weight: 400;\">Este servicio es totalmente gratuito, en el caso de Zamora la atenci\u00f3n es de lunes a s\u00e1bado.<\/p>\n","protected":false},"excerpt":{"rendered":"<p>Mar\u00eda Zaruma, madre de Liliana Elizabeth diagnosticada con atrofia cerebral, desde hace casi dos a\u00f1os hace uso del servicio de Equinoterapia en el Centro de Atenci\u00f3n a Personas con Discapacidad de la Prefectura de Zamora Chinchipe, emocionada dijo que desde que ingres\u00f3 a este centro su evoluci\u00f3n ha sido significativa. La madre coment\u00f3 que su [&hellip;]<\/p>\n","protected":false},"author":1,"featured_media":11048,"comment_status":"open","ping_status":"open","sticky":false,"template":"","format":"standard","meta":{"footnotes":""},"categories":[9],"tags":[],"_links":{"self":[{"href":"https:\/\/infozamoraec.com\/index.php\/wp-json\/wp\/v2\/posts\/11047"}],"collection":[{"href":"https:\/\/infozamoraec.com\/index.php\/wp-json\/wp\/v2\/posts"}],"about":[{"href":"https:\/\/infozamoraec.com\/index.php\/wp-json\/wp\/v2\/types\/post"}],"author":[{"embeddable":true,"href":"https:\/\/infozamoraec.com\/index.php\/wp-json\/wp\/v2\/users\/1"}],"replies":[{"embeddable":true,"href":"https:\/\/infozamoraec.com\/index.php\/wp-json\/wp\/v2\/comments?post=11047"}],"version-history":[{"count":2,"href":"https:\/\/infozamoraec.com\/index.php\/wp-json\/wp\/v2\/posts\/11047\/revisions"}],"predecessor-version":[{"id":11050,"href":"https:\/\/infozamoraec.com\/index.php\/wp-json\/wp\/v2\/posts\/11047\/revisions\/11050"}],"wp:featuredmedia":[{"embeddable":true,"href":"https:\/\/infozamoraec.com\/index.php\/wp-json\/wp\/v2\/media\/11048"}],"wp:attachment":[{"href":"https:\/\/infozamoraec.com\/index.php\/wp-json\/wp\/v2\/media?parent=11047"}],"wp:term":[{"taxonomy":"category","embeddable":true,"href":"https:\/\/infozamoraec.com\/index.php\/wp-json\/wp\/v2\/categories?post=11047"},{"taxonomy":"post_tag","embeddable":true,"href":"https:\/\/infozamoraec.com\/index.php\/wp-json\/wp\/v2\/tags?post=11047"}],"curies":[{"name":"wp","href":"https:\/\/api.w.org\/{rel}","templated":true}]}}