{"id":10988,"date":"2025-03-25T23:57:58","date_gmt":"2025-03-25T23:57:58","guid":{"rendered":"https:\/\/infozamoraec.com\/?p=10988"},"modified":"2025-03-25T23:57:58","modified_gmt":"2025-03-25T23:57:58","slug":"avanza-el-asfaltado-de-la-via-el-dorado-guayzimi","status":"publish","type":"post","link":"https:\/\/infozamoraec.com\/index.php\/2025\/03\/25\/avanza-el-asfaltado-de-la-via-el-dorado-guayzimi\/","title":{"rendered":"Avanza el asfaltado de la v\u00eda El Dorado &#8211; Guayzimi"},"content":{"rendered":"<p class=\"\" data-start=\"62\" data-end=\"373\">El proyecto de <strong data-start=\"77\" data-end=\"121\">asfaltado de la v\u00eda El Dorado &#8211; Guayzimi<\/strong> contin\u00faa avanzando, consolidando la conectividad entre los cantones <strong data-start=\"190\" data-end=\"227\">Centinela del C\u00f3ndor y Nangaritza<\/strong>. Esta obra, considerada <strong data-start=\"252\" data-end=\"265\">hist\u00f3rica<\/strong> para la regi\u00f3n, mejorar\u00e1 significativamente la movilidad y el desarrollo de las comunidades beneficiadas.<\/p>\n<p class=\"\" data-start=\"375\" data-end=\"438\">Hasta la fecha, los trabajos han alcanzado importantes hitos:<\/p>\n<p class=\"\" data-start=\"440\" data-end=\"688\"><strong data-start=\"442\" data-end=\"467\">1 km de v\u00eda asfaltada<\/strong> desde Guayzimi hacia El Dorado.<br data-start=\"499\" data-end=\"502\" \/><strong data-start=\"504\" data-end=\"521\">80% de avance<\/strong> en el movimiento de tierras.<br data-start=\"550\" data-end=\"553\" data-is-only-node=\"\" \/><strong data-start=\"555\" data-end=\"572\">40% de avance<\/strong> en la conformaci\u00f3n de la calzada.<br data-start=\"606\" data-end=\"609\" \/><strong data-start=\"611\" data-end=\"655\">Instalaci\u00f3n de subdrenes, subbase y base<\/strong> en el tramo Wintza &#8211; Guayzimi.<\/p>\n<p class=\"\" data-start=\"690\" data-end=\"914\">El proyecto avanza\u00a0<b> de acuerdo con el cronograma establecido.<\/b><\/p>\n<p class=\"\" data-start=\"690\" data-end=\"914\">La <strong data-start=\"750\" data-end=\"777\">prefecta Karla Re\u00e1tegui<\/strong>, reiter\u00f3 su compromiso de mejorar la infraestructura vial de la provincia, facilitando el acceso y el desarrollo en la zona.<\/p>\n","protected":false},"excerpt":{"rendered":"<p>El proyecto de asfaltado de la v\u00eda El Dorado &#8211; Guayzimi contin\u00faa avanzando, consolidando la conectividad entre los cantones Centinela del C\u00f3ndor y Nangaritza. Esta obra, considerada hist\u00f3rica para la regi\u00f3n, mejorar\u00e1 significativamente la movilidad y el desarrollo de las comunidades beneficiadas. Hasta la fecha, los trabajos han alcanzado importantes hitos: 1 km de v\u00eda [&hellip;]<\/p>\n","protected":false},"author":1,"featured_media":10989,"comment_status":"open","ping_status":"open","sticky":false,"template":"","format":"standard","meta":{"footnotes":""},"categories":[9],"tags":[],"_links":{"self":[{"href":"https:\/\/infozamoraec.com\/index.php\/wp-json\/wp\/v2\/posts\/10988"}],"collection":[{"href":"https:\/\/infozamoraec.com\/index.php\/wp-json\/wp\/v2\/posts"}],"about":[{"href":"https:\/\/infozamoraec.com\/index.php\/wp-json\/wp\/v2\/types\/post"}],"author":[{"embeddable":true,"href":"https:\/\/infozamoraec.com\/index.php\/wp-json\/wp\/v2\/users\/1"}],"replies":[{"embeddable":true,"href":"https:\/\/infozamoraec.com\/index.php\/wp-json\/wp\/v2\/comments?post=10988"}],"version-history":[{"count":1,"href":"https:\/\/infozamoraec.com\/index.php\/wp-json\/wp\/v2\/posts\/10988\/revisions"}],"predecessor-version":[{"id":10990,"href":"https:\/\/infozamoraec.com\/index.php\/wp-json\/wp\/v2\/posts\/10988\/revisions\/10990"}],"wp:featuredmedia":[{"embeddable":true,"href":"https:\/\/infozamoraec.com\/index.php\/wp-json\/wp\/v2\/media\/10989"}],"wp:attachment":[{"href":"https:\/\/infozamoraec.com\/index.php\/wp-json\/wp\/v2\/media?parent=10988"}],"wp:term":[{"taxonomy":"category","embeddable":true,"href":"https:\/\/infozamoraec.com\/index.php\/wp-json\/wp\/v2\/categories?post=10988"},{"taxonomy":"post_tag","embeddable":true,"href":"https:\/\/infozamoraec.com\/index.php\/wp-json\/wp\/v2\/tags?post=10988"}],"curies":[{"name":"wp","href":"https:\/\/api.w.org\/{rel}","templated":true}]}}