{"id":10942,"date":"2025-03-25T01:48:43","date_gmt":"2025-03-25T01:48:43","guid":{"rendered":"https:\/\/infozamoraec.com\/?p=10942"},"modified":"2025-03-25T01:48:43","modified_gmt":"2025-03-25T01:48:43","slug":"el-pangui-impulsa-el-desarrollo-productivo-con-nuevo-proyecto-para-el-sector-agricola-y-ganadero","status":"publish","type":"post","link":"https:\/\/infozamoraec.com\/index.php\/2025\/03\/25\/el-pangui-impulsa-el-desarrollo-productivo-con-nuevo-proyecto-para-el-sector-agricola-y-ganadero\/","title":{"rendered":"El Pangui impulsa el desarrollo productivo con nuevo proyecto para el sector agr\u00edcola y ganadero"},"content":{"rendered":"<p class=\"\" data-start=\"108\" data-end=\"384\">La Alcald\u00eda de <strong data-start=\"123\" data-end=\"136\">El Pangui<\/strong>, a trav\u00e9s de la <strong data-start=\"153\" data-end=\"179\">Jefatura de Producci\u00f3n<\/strong>, socializ\u00f3 con productores, ganaderos y emprendedores del cant\u00f3n y sus parroquias el <strong data-start=\"265\" data-end=\"302\">Proyecto de Desarrollo Productivo<\/strong>, una iniciativa clave para fortalecer el sector agr\u00edcola y pecuario de la zona.<\/p>\n<h3 class=\"\" data-start=\"386\" data-end=\"412\"><strong data-start=\"390\" data-end=\"410\">Entre los ejes de trabajo constan:<\/strong><\/h3>\n<p class=\"\" data-start=\"413\" data-end=\"668\"><strong data-start=\"415\" data-end=\"428\">Cultivos:<\/strong> pitahaya, papaya, vainilla, pl\u00e1tano, ma\u00edz, pastos, ca\u00f1a de az\u00facar, guan\u00e1bana y hortalizas.<br data-start=\"519\" data-end=\"522\" \/><strong data-start=\"524\" data-end=\"548\">Crianza de animales:<\/strong> ganado vacuno y porcino, avicultura y piscicultura.<br data-start=\"600\" data-end=\"603\" data-is-only-node=\"\" \/><strong data-start=\"605\" data-end=\"635\">Fomento de emprendimientos<\/strong> en diversas \u00e1reas productivas.<\/p>\n<p class=\"\" data-start=\"670\" data-end=\"959\">El objetivo de estas socializaciones fue dar a conocer las <strong data-start=\"729\" data-end=\"785\">directrices del proyecto y el acompa\u00f1amiento t\u00e9cnico<\/strong> que recibir\u00e1n los beneficiarios a lo largo del a\u00f1o, permitiendo as\u00ed el fortalecimiento del sector productivo y la generaci\u00f3n de nuevas oportunidades econ\u00f3micas en El Pangui.<\/p>\n","protected":false},"excerpt":{"rendered":"<p>La Alcald\u00eda de El Pangui, a trav\u00e9s de la Jefatura de Producci\u00f3n, socializ\u00f3 con productores, ganaderos y emprendedores del cant\u00f3n y sus parroquias el Proyecto de Desarrollo Productivo, una iniciativa clave para fortalecer el sector agr\u00edcola y pecuario de la zona. Entre los ejes de trabajo constan: Cultivos: pitahaya, papaya, vainilla, pl\u00e1tano, ma\u00edz, pastos, ca\u00f1a [&hellip;]<\/p>\n","protected":false},"author":1,"featured_media":10943,"comment_status":"open","ping_status":"open","sticky":false,"template":"","format":"standard","meta":{"footnotes":""},"categories":[9],"tags":[],"_links":{"self":[{"href":"https:\/\/infozamoraec.com\/index.php\/wp-json\/wp\/v2\/posts\/10942"}],"collection":[{"href":"https:\/\/infozamoraec.com\/index.php\/wp-json\/wp\/v2\/posts"}],"about":[{"href":"https:\/\/infozamoraec.com\/index.php\/wp-json\/wp\/v2\/types\/post"}],"author":[{"embeddable":true,"href":"https:\/\/infozamoraec.com\/index.php\/wp-json\/wp\/v2\/users\/1"}],"replies":[{"embeddable":true,"href":"https:\/\/infozamoraec.com\/index.php\/wp-json\/wp\/v2\/comments?post=10942"}],"version-history":[{"count":1,"href":"https:\/\/infozamoraec.com\/index.php\/wp-json\/wp\/v2\/posts\/10942\/revisions"}],"predecessor-version":[{"id":10944,"href":"https:\/\/infozamoraec.com\/index.php\/wp-json\/wp\/v2\/posts\/10942\/revisions\/10944"}],"wp:featuredmedia":[{"embeddable":true,"href":"https:\/\/infozamoraec.com\/index.php\/wp-json\/wp\/v2\/media\/10943"}],"wp:attachment":[{"href":"https:\/\/infozamoraec.com\/index.php\/wp-json\/wp\/v2\/media?parent=10942"}],"wp:term":[{"taxonomy":"category","embeddable":true,"href":"https:\/\/infozamoraec.com\/index.php\/wp-json\/wp\/v2\/categories?post=10942"},{"taxonomy":"post_tag","embeddable":true,"href":"https:\/\/infozamoraec.com\/index.php\/wp-json\/wp\/v2\/tags?post=10942"}],"curies":[{"name":"wp","href":"https:\/\/api.w.org\/{rel}","templated":true}]}}