{"id":10939,"date":"2025-03-25T01:40:46","date_gmt":"2025-03-25T01:40:46","guid":{"rendered":"https:\/\/infozamoraec.com\/?p=10939"},"modified":"2025-03-25T01:40:46","modified_gmt":"2025-03-25T01:40:46","slug":"gad-de-zamora-trabaja-en-la-reposicion-de-calzada-en-la-calle-diego-de-vaca","status":"publish","type":"post","link":"https:\/\/infozamoraec.com\/index.php\/2025\/03\/25\/gad-de-zamora-trabaja-en-la-reposicion-de-calzada-en-la-calle-diego-de-vaca\/","title":{"rendered":"GAD de Zamora trabaja en la reposici\u00f3n de calzada en la calle Diego de Vaca"},"content":{"rendered":"<p class=\"\" data-start=\"87\" data-end=\"362\">El <strong data-start=\"90\" data-end=\"153\">Gobierno Aut\u00f3nomo Descentralizado (GAD) Municipal de Zamora<\/strong>, a trav\u00e9s de su <strong data-start=\"170\" data-end=\"204\">Departamento de Obras P\u00fablicas<\/strong>, inici\u00f3 trabajos correctivos en la calzada de la calle <strong data-start=\"260\" data-end=\"277\">Diego de Vaca<\/strong>, ubicada entre la <strong data-start=\"296\" data-end=\"359\">Avenida H\u00e9roes de Paquisha y la calle Francisco de Orellana<\/strong>.<\/p>\n<p class=\"\" data-start=\"364\" data-end=\"532\">La intervenci\u00f3n consiste en la <strong data-start=\"395\" data-end=\"448\">reposici\u00f3n del pavimento con material de concreto<\/strong>, con el objetivo de mejorar la movilidad y seguridad para conductores y peatones.<\/p>\n<p class=\"\" data-start=\"534\" data-end=\"758\">Debido a estas obras, la v\u00eda <strong data-start=\"563\" data-end=\"614\">permanecer\u00e1 cerrada por aproximadamente 15 d\u00edas<\/strong>, hasta que se complete el proceso de fraguado del concreto. Se recomienda a la ciudadan\u00eda tomar <strong data-start=\"711\" data-end=\"729\">rutas alternas<\/strong> y circular con precauci\u00f3n.<\/p>\n<p class=\"\" data-start=\"760\" data-end=\"904\">El GAD Municipal de Zamora pide la comprensi\u00f3n de los habitantes y reafirma su compromiso con el mejoramiento de la infraestructura vial de la ciudad.<\/p>\n","protected":false},"excerpt":{"rendered":"<p>El Gobierno Aut\u00f3nomo Descentralizado (GAD) Municipal de Zamora, a trav\u00e9s de su Departamento de Obras P\u00fablicas, inici\u00f3 trabajos correctivos en la calzada de la calle Diego de Vaca, ubicada entre la Avenida H\u00e9roes de Paquisha y la calle Francisco de Orellana. La intervenci\u00f3n consiste en la reposici\u00f3n del pavimento con material de concreto, con el [&hellip;]<\/p>\n","protected":false},"author":1,"featured_media":10940,"comment_status":"open","ping_status":"open","sticky":false,"template":"","format":"standard","meta":{"footnotes":""},"categories":[9],"tags":[],"_links":{"self":[{"href":"https:\/\/infozamoraec.com\/index.php\/wp-json\/wp\/v2\/posts\/10939"}],"collection":[{"href":"https:\/\/infozamoraec.com\/index.php\/wp-json\/wp\/v2\/posts"}],"about":[{"href":"https:\/\/infozamoraec.com\/index.php\/wp-json\/wp\/v2\/types\/post"}],"author":[{"embeddable":true,"href":"https:\/\/infozamoraec.com\/index.php\/wp-json\/wp\/v2\/users\/1"}],"replies":[{"embeddable":true,"href":"https:\/\/infozamoraec.com\/index.php\/wp-json\/wp\/v2\/comments?post=10939"}],"version-history":[{"count":1,"href":"https:\/\/infozamoraec.com\/index.php\/wp-json\/wp\/v2\/posts\/10939\/revisions"}],"predecessor-version":[{"id":10941,"href":"https:\/\/infozamoraec.com\/index.php\/wp-json\/wp\/v2\/posts\/10939\/revisions\/10941"}],"wp:featuredmedia":[{"embeddable":true,"href":"https:\/\/infozamoraec.com\/index.php\/wp-json\/wp\/v2\/media\/10940"}],"wp:attachment":[{"href":"https:\/\/infozamoraec.com\/index.php\/wp-json\/wp\/v2\/media?parent=10939"}],"wp:term":[{"taxonomy":"category","embeddable":true,"href":"https:\/\/infozamoraec.com\/index.php\/wp-json\/wp\/v2\/categories?post=10939"},{"taxonomy":"post_tag","embeddable":true,"href":"https:\/\/infozamoraec.com\/index.php\/wp-json\/wp\/v2\/tags?post=10939"}],"curies":[{"name":"wp","href":"https:\/\/api.w.org\/{rel}","templated":true}]}}