{"id":10922,"date":"2025-03-23T00:17:19","date_gmt":"2025-03-23T00:17:19","guid":{"rendered":"https:\/\/infozamoraec.com\/?p=10922"},"modified":"2025-03-23T00:17:53","modified_gmt":"2025-03-23T00:17:53","slug":"camion-repartidor-se-estrello-contra-infraestructura-militar-en-zamora-chinchipe","status":"publish","type":"post","link":"https:\/\/infozamoraec.com\/index.php\/2025\/03\/23\/camion-repartidor-se-estrello-contra-infraestructura-militar-en-zamora-chinchipe\/","title":{"rendered":"Cami\u00f3n repartidor se estrell\u00f3 contra infraestructura militar en Zamora Chinchipe"},"content":{"rendered":"<p class=\"\" data-start=\"92\" data-end=\"280\">En la madrugada del <strong data-start=\"112\" data-end=\"135\">21 de marzo de 2025<\/strong>, se registr\u00f3 un <strong data-start=\"152\" data-end=\"177\">siniestro de tr\u00e1nsito<\/strong> en la a<strong data-start=\"184\" data-end=\"208\">venida del Ej\u00e9rcito<\/strong>, a la altura del <strong data-start=\"226\" data-end=\"253\">Batall\u00f3n de Selva N\u00b0 62<\/strong>, en el cant\u00f3n Zamora, provincia de Zamora CHinchipe.<\/p>\n<p class=\"\" data-start=\"282\" data-end=\"511\">El hecho ocurri\u00f3 aproximadamente a las <strong data-start=\"321\" data-end=\"330\">02h00 del viernes<\/strong>, cuando un <strong data-start=\"342\" data-end=\"408\">cami\u00f3n repartidor de bebidas, marca Chevrolet, color blanco, <\/strong>perdi\u00f3 su carril de circulaci\u00f3n y termin\u00f3 estrell\u00e1ndose contra la infraestructura del recinto militar.<\/p>\n<p class=\"\" data-start=\"513\" data-end=\"655\">Producto del accidente, se reportaron <strong data-start=\"551\" data-end=\"575\">dos personas heridas<\/strong>, mientras que el conductor del veh\u00edculo no pudo ser identificado en el lugar.<\/p>\n<p class=\"\" data-start=\"657\" data-end=\"964\">Tras la alerta del <strong data-start=\"676\" data-end=\"687\">ECU 911<\/strong>, personal de la <strong data-start=\"704\" data-end=\"724\">Polic\u00eda Nacional<\/strong> acudi\u00f3 al sitio para verificar el incidente.<\/p>\n<p class=\"\" data-start=\"657\" data-end=\"964\">Posteriormente, el <strong data-start=\"789\" data-end=\"852\">veh\u00edculo fue trasladado a los patios de retenci\u00f3n vehicular<\/strong> de la Jefatura Provincial de Tr\u00e1nsito de <strong data-start=\"894\" data-end=\"914\">Zamora Chinchipe<\/strong><\/p>\n<p class=\"\" data-start=\"657\" data-end=\"964\">\u00a0Autoridades\u00a0 investigan las causas del accidente.<\/p>\n","protected":false},"excerpt":{"rendered":"<p>En la madrugada del 21 de marzo de 2025, se registr\u00f3 un siniestro de tr\u00e1nsito en la avenida del Ej\u00e9rcito, a la altura del Batall\u00f3n de Selva N\u00b0 62, en el cant\u00f3n Zamora, provincia de Zamora CHinchipe. El hecho ocurri\u00f3 aproximadamente a las 02h00 del viernes, cuando un cami\u00f3n repartidor de bebidas, marca Chevrolet, color [&hellip;]<\/p>\n","protected":false},"author":1,"featured_media":10915,"comment_status":"open","ping_status":"open","sticky":false,"template":"","format":"standard","meta":{"footnotes":""},"categories":[9],"tags":[],"_links":{"self":[{"href":"https:\/\/infozamoraec.com\/index.php\/wp-json\/wp\/v2\/posts\/10922"}],"collection":[{"href":"https:\/\/infozamoraec.com\/index.php\/wp-json\/wp\/v2\/posts"}],"about":[{"href":"https:\/\/infozamoraec.com\/index.php\/wp-json\/wp\/v2\/types\/post"}],"author":[{"embeddable":true,"href":"https:\/\/infozamoraec.com\/index.php\/wp-json\/wp\/v2\/users\/1"}],"replies":[{"embeddable":true,"href":"https:\/\/infozamoraec.com\/index.php\/wp-json\/wp\/v2\/comments?post=10922"}],"version-history":[{"count":3,"href":"https:\/\/infozamoraec.com\/index.php\/wp-json\/wp\/v2\/posts\/10922\/revisions"}],"predecessor-version":[{"id":10925,"href":"https:\/\/infozamoraec.com\/index.php\/wp-json\/wp\/v2\/posts\/10922\/revisions\/10925"}],"wp:featuredmedia":[{"embeddable":true,"href":"https:\/\/infozamoraec.com\/index.php\/wp-json\/wp\/v2\/media\/10915"}],"wp:attachment":[{"href":"https:\/\/infozamoraec.com\/index.php\/wp-json\/wp\/v2\/media?parent=10922"}],"wp:term":[{"taxonomy":"category","embeddable":true,"href":"https:\/\/infozamoraec.com\/index.php\/wp-json\/wp\/v2\/categories?post=10922"},{"taxonomy":"post_tag","embeddable":true,"href":"https:\/\/infozamoraec.com\/index.php\/wp-json\/wp\/v2\/tags?post=10922"}],"curies":[{"name":"wp","href":"https:\/\/api.w.org\/{rel}","templated":true}]}}