{"id":10899,"date":"2025-03-21T21:42:47","date_gmt":"2025-03-21T21:42:47","guid":{"rendered":"https:\/\/infozamoraec.com\/?p=10899"},"modified":"2025-03-21T21:42:47","modified_gmt":"2025-03-21T21:42:47","slug":"este-23-de-marzo-inicia-la-campana-electoral-para-la-segunda-vuelta-electoral","status":"publish","type":"post","link":"https:\/\/infozamoraec.com\/index.php\/2025\/03\/21\/este-23-de-marzo-inicia-la-campana-electoral-para-la-segunda-vuelta-electoral\/","title":{"rendered":"Este 23 de marzo, inicia la campa\u00f1a electoral para la Segunda Vuelta Electoral"},"content":{"rendered":"<p>Conforme al calendario de las Elecciones Generales 2025 de la Segunda Vuelta, este domingo 23 de marzo, iniciar\u00e1 de manera oficial la campa\u00f1a electoral autorizada por el Consejo Nacional Electoral (CNE) para la candidatura a la dignidad de Presidente y se prolongar\u00e1 hasta el 10 de abril.<\/p>\n<p>Durante este tiempo, los candidatos y organizaciones pol\u00edticas est\u00e1n facultados a realizar proselitismo pol\u00edtico enmarcados en lo que establece el C\u00f3digo de la Democracia, para ello, cuentan con un l\u00edmite de gasto electoral en el que tambi\u00e9n se encuentra el fondo de promoci\u00f3n electoral para difundir sus propuestas en medios de comunicaci\u00f3n autorizados.<\/p>\n<p>Jorge Palt\u00edn, director de la Delegaci\u00f3n Provincial Electoral de Zamora Chinchipe, indic\u00f3 que, el Consejo Nacional Electoral, vigilar\u00e1 el cumplimiento de la normativa constitucional y legal vigente; \u201cinvito a las organizaciones pol\u00edticas y sociales a que la campa\u00f1a electoral se cumpla con respeto, sin violencia, se debatan las ideas y se promueva el voto informado de la ciudadan\u00eda\u201d.<\/p>\n","protected":false},"excerpt":{"rendered":"<p>Conforme al calendario de las Elecciones Generales 2025 de la Segunda Vuelta, este domingo 23 de marzo, iniciar\u00e1 de manera oficial la campa\u00f1a electoral autorizada por el Consejo Nacional Electoral (CNE) para la candidatura a la dignidad de Presidente y se prolongar\u00e1 hasta el 10 de abril. Durante este tiempo, los candidatos y organizaciones pol\u00edticas [&hellip;]<\/p>\n","protected":false},"author":1,"featured_media":10900,"comment_status":"open","ping_status":"open","sticky":false,"template":"","format":"standard","meta":{"footnotes":""},"categories":[9],"tags":[],"_links":{"self":[{"href":"https:\/\/infozamoraec.com\/index.php\/wp-json\/wp\/v2\/posts\/10899"}],"collection":[{"href":"https:\/\/infozamoraec.com\/index.php\/wp-json\/wp\/v2\/posts"}],"about":[{"href":"https:\/\/infozamoraec.com\/index.php\/wp-json\/wp\/v2\/types\/post"}],"author":[{"embeddable":true,"href":"https:\/\/infozamoraec.com\/index.php\/wp-json\/wp\/v2\/users\/1"}],"replies":[{"embeddable":true,"href":"https:\/\/infozamoraec.com\/index.php\/wp-json\/wp\/v2\/comments?post=10899"}],"version-history":[{"count":2,"href":"https:\/\/infozamoraec.com\/index.php\/wp-json\/wp\/v2\/posts\/10899\/revisions"}],"predecessor-version":[{"id":10902,"href":"https:\/\/infozamoraec.com\/index.php\/wp-json\/wp\/v2\/posts\/10899\/revisions\/10902"}],"wp:featuredmedia":[{"embeddable":true,"href":"https:\/\/infozamoraec.com\/index.php\/wp-json\/wp\/v2\/media\/10900"}],"wp:attachment":[{"href":"https:\/\/infozamoraec.com\/index.php\/wp-json\/wp\/v2\/media?parent=10899"}],"wp:term":[{"taxonomy":"category","embeddable":true,"href":"https:\/\/infozamoraec.com\/index.php\/wp-json\/wp\/v2\/categories?post=10899"},{"taxonomy":"post_tag","embeddable":true,"href":"https:\/\/infozamoraec.com\/index.php\/wp-json\/wp\/v2\/tags?post=10899"}],"curies":[{"name":"wp","href":"https:\/\/api.w.org\/{rel}","templated":true}]}}