{"id":10895,"date":"2025-03-21T21:40:47","date_gmt":"2025-03-21T21:40:47","guid":{"rendered":"https:\/\/infozamoraec.com\/?p=10895"},"modified":"2025-03-21T21:40:47","modified_gmt":"2025-03-21T21:40:47","slug":"zamora-chinchipe-sonrie-con-neke-llega-a-palanda","status":"publish","type":"post","link":"https:\/\/infozamoraec.com\/index.php\/2025\/03\/21\/zamora-chinchipe-sonrie-con-neke-llega-a-palanda\/","title":{"rendered":"\u201cZamora Chinchipe sonr\u00ede con \u00d1eke\u201d llega a Palanda"},"content":{"rendered":"<p style=\"font-weight: 400;\">La campa\u00f1a social \u201cZamora Chinchipe, Sonr\u00ede con \u00d1eke\u201d, ejecutada por la Prefectura, avanza su recorrido por las comunidades de la provincia, en esta oportunidad Palanda se prepara para recibir el servicio a partir del 24 de marzo del 2025. Se iniciar\u00e1 en la parroquia San Francisco del Vergel.<\/p>\n<p style=\"font-weight: 400;\">Estas jornadas odontol\u00f3gicas est\u00e1n dirigidas a ni\u00f1os, ni\u00f1as y j\u00f3venes en las edades comprendidas de 5 a 18 a\u00f1os de edad. Se ofrece tratamientos de: profilaxis, sellantes, fluorizaciones; tratamientos preventivos y restaurativos. Adem\u00e1s, y dependiendo de c\u00f3mo se encuentran los dientes, se realizan exodoncias.<\/p>\n<p style=\"font-weight: 400;\">El cant\u00f3n Chinchipe, fue el primero del 2025 en desarrollarse la campa\u00f1a, el equipo de odont\u00f3logas recorri\u00f3 las parroquias Chito, El Chorro, La Chonta, Pucapamba, San Andr\u00e9s, y la cabecera cantonal de Zumba. A m\u00e1s de recibir el servicio totalmente gratuito, cada paciente tambi\u00e9n recibi\u00f3 un kit de higiene bucal. Aqu\u00ed 720 personas fueron beneficiadas, a trav\u00e9s de 1.350 tratamientos ejecutados.<\/p>\n<p style=\"font-weight: 400;\">La actual administraci\u00f3n liderada por la prefecta Karla Re\u00e1tegui presta todo el apoyo para que, los proyectos y programas sociales se desarrollen con normalidad y sobre todo se cumplan de acuerdo a la planificaci\u00f3n de la instituci\u00f3n, con el objetivo de ayudar a solventar las m\u00faltiples necesidades econ\u00f3micas que tienen las familias de los sectores rurales.<\/p>\n<p style=\"font-weight: 400;\"><strong>\u00a0<\/strong><\/p>\n","protected":false},"excerpt":{"rendered":"<p>La campa\u00f1a social \u201cZamora Chinchipe, Sonr\u00ede con \u00d1eke\u201d, ejecutada por la Prefectura, avanza su recorrido por las comunidades de la provincia, en esta oportunidad Palanda se prepara para recibir el servicio a partir del 24 de marzo del 2025. Se iniciar\u00e1 en la parroquia San Francisco del Vergel. Estas jornadas odontol\u00f3gicas est\u00e1n dirigidas a ni\u00f1os, [&hellip;]<\/p>\n","protected":false},"author":1,"featured_media":10896,"comment_status":"open","ping_status":"open","sticky":false,"template":"","format":"standard","meta":{"footnotes":""},"categories":[9],"tags":[],"_links":{"self":[{"href":"https:\/\/infozamoraec.com\/index.php\/wp-json\/wp\/v2\/posts\/10895"}],"collection":[{"href":"https:\/\/infozamoraec.com\/index.php\/wp-json\/wp\/v2\/posts"}],"about":[{"href":"https:\/\/infozamoraec.com\/index.php\/wp-json\/wp\/v2\/types\/post"}],"author":[{"embeddable":true,"href":"https:\/\/infozamoraec.com\/index.php\/wp-json\/wp\/v2\/users\/1"}],"replies":[{"embeddable":true,"href":"https:\/\/infozamoraec.com\/index.php\/wp-json\/wp\/v2\/comments?post=10895"}],"version-history":[{"count":2,"href":"https:\/\/infozamoraec.com\/index.php\/wp-json\/wp\/v2\/posts\/10895\/revisions"}],"predecessor-version":[{"id":10898,"href":"https:\/\/infozamoraec.com\/index.php\/wp-json\/wp\/v2\/posts\/10895\/revisions\/10898"}],"wp:featuredmedia":[{"embeddable":true,"href":"https:\/\/infozamoraec.com\/index.php\/wp-json\/wp\/v2\/media\/10896"}],"wp:attachment":[{"href":"https:\/\/infozamoraec.com\/index.php\/wp-json\/wp\/v2\/media?parent=10895"}],"wp:term":[{"taxonomy":"category","embeddable":true,"href":"https:\/\/infozamoraec.com\/index.php\/wp-json\/wp\/v2\/categories?post=10895"},{"taxonomy":"post_tag","embeddable":true,"href":"https:\/\/infozamoraec.com\/index.php\/wp-json\/wp\/v2\/tags?post=10895"}],"curies":[{"name":"wp","href":"https:\/\/api.w.org\/{rel}","templated":true}]}}