{"id":10888,"date":"2025-03-21T01:45:15","date_gmt":"2025-03-21T01:45:15","guid":{"rendered":"https:\/\/infozamoraec.com\/?p=10888"},"modified":"2025-03-21T01:45:15","modified_gmt":"2025-03-21T01:45:15","slug":"entrega-de-computadoras-en-zamora-chinchipe-para-fortalecer-la-educacion","status":"publish","type":"post","link":"https:\/\/infozamoraec.com\/index.php\/2025\/03\/21\/entrega-de-computadoras-en-zamora-chinchipe-para-fortalecer-la-educacion\/","title":{"rendered":"Entrega de computadoras en Zamora Chinchipe para fortalecer la educaci\u00f3n"},"content":{"rendered":"<p><em>En total se entregaron 37 kits tecnol\u00f3gicos comparte del Programa de Reducci\u00f3n de la Brecha Digital en el Sistema de Educaci\u00f3n del Ecuador <\/em><\/p>\n<p>Como parte del proyecto de inversi\u00f3n \u201cReducci\u00f3n de la Brecha Digital en el Sistema Nacional de Educaci\u00f3n\u201d, el Ministerio de Educaci\u00f3n contin\u00faa trabajando para disminuir la brecha digital en sus tres dimensiones: acceso, uso y apropiaci\u00f3n. Esta iniciativa busca integrar pedag\u00f3gicamente la tecnolog\u00eda digital y la conectividad en instituciones educativas priorizadas, garantizando igualdad de oportunidades para estudiantes y docentes.<\/p>\n<p>El coordinador zonal, Favio Villamizar, particip\u00f3 en la entrega de kits tecnol\u00f3gicos en los distritos Centinela del C\u00f3ndor-Nangaritza-Paquisha y Yacuambi-Zamora. Uno de los eventos se realiz\u00f3 en el Colegio de Bachillerato Soberan\u00eda Nacional, en Paquisha, con la presencia de docentes y directivos de 18 instituciones unidocentes y una bidocente.<\/p>\n<p>\u201cEl Programa de Reducci\u00f3n de la Brecha Digital en el Sistema de Educaci\u00f3n del Ecuador es un acto de justicia social. Es la herramienta que permitir\u00e1 que cada ni\u00f1a, ni\u00f1o y adolescente, sin importar si estudia en la ciudad o en las zonas m\u00e1s alejadas del pa\u00eds, tenga acceso al mismo conocimiento\u201d, enfatiz\u00f3 la autoridad zonal.<\/p>\n<p>El docente Walter Torres, representante de la Escuela de Educaci\u00f3n B\u00e1sica H\u00e9roes de Cenepa, destac\u00f3 la importancia de esta entrega, resaltando el impacto positivo que tendr\u00e1 en la ense\u00f1anza.<\/p>\n<p>\u201cEstas computadoras representan un s\u00edmbolo de esperanza. Como docentes, nos comprometemos a cuidar estos equipos para seguir inspirando a nuestros estudiantes y prepararlos para los desaf\u00edos del futuro\u201d, se\u00f1al\u00f3.<\/p>\n<p>De manera similar, en la Escuela de Educaci\u00f3n B\u00e1sica Eloy Alfaro, en el cant\u00f3n Zamora, se entregaron 18 kits tecnol\u00f3gicos, en un evento que cont\u00f3 con la participaci\u00f3n de docentes y estudiantes. La docente Elizabeth Macas, de la Escuela Juan de Vergara, en la parroquia Imbana, expres\u00f3 su gratitud por el apoyo del Ministerio de Educaci\u00f3n.<\/p>\n<p>\u201cNos sentimos muy contentos de que se tome en cuenta a las escuelas rurales. Este recurso tecnol\u00f3gico es fundamental para nuestros estudiantes\u201d, afirm\u00f3.<\/p>\n<p>La gobernadora de la provincia de Zamora Chinchipe, Ivonne Panchi, tambi\u00e9n form\u00f3 parte de la entrega, en representaci\u00f3n del Gobierno Nacional. Durante su intervenci\u00f3n, felicit\u00f3 a los docentes por su compromiso con la educaci\u00f3n de ni\u00f1os y j\u00f3venes.<\/p>\n<p>Como parte del proyecto, 160 instituciones educativas unidocentes, bidocentes y pluridocentes recibir\u00e1n equipamiento tecnol\u00f3gico y acceso a conectividad. Adem\u00e1s, se entregar\u00e1n 381 computadoras port\u00e1tiles a docentes de la Zona 7, fortaleciendo as\u00ed el desarrollo de competencias digitales en la comunidad educativa.<\/p>\n","protected":false},"excerpt":{"rendered":"<p>En total se entregaron 37 kits tecnol\u00f3gicos comparte del Programa de Reducci\u00f3n de la Brecha Digital en el Sistema de Educaci\u00f3n del Ecuador Como parte del proyecto de inversi\u00f3n \u201cReducci\u00f3n de la Brecha Digital en el Sistema Nacional de Educaci\u00f3n\u201d, el Ministerio de Educaci\u00f3n contin\u00faa trabajando para disminuir la brecha digital en sus tres dimensiones: [&hellip;]<\/p>\n","protected":false},"author":1,"featured_media":10889,"comment_status":"open","ping_status":"open","sticky":false,"template":"","format":"standard","meta":{"footnotes":""},"categories":[9],"tags":[],"_links":{"self":[{"href":"https:\/\/infozamoraec.com\/index.php\/wp-json\/wp\/v2\/posts\/10888"}],"collection":[{"href":"https:\/\/infozamoraec.com\/index.php\/wp-json\/wp\/v2\/posts"}],"about":[{"href":"https:\/\/infozamoraec.com\/index.php\/wp-json\/wp\/v2\/types\/post"}],"author":[{"embeddable":true,"href":"https:\/\/infozamoraec.com\/index.php\/wp-json\/wp\/v2\/users\/1"}],"replies":[{"embeddable":true,"href":"https:\/\/infozamoraec.com\/index.php\/wp-json\/wp\/v2\/comments?post=10888"}],"version-history":[{"count":2,"href":"https:\/\/infozamoraec.com\/index.php\/wp-json\/wp\/v2\/posts\/10888\/revisions"}],"predecessor-version":[{"id":10891,"href":"https:\/\/infozamoraec.com\/index.php\/wp-json\/wp\/v2\/posts\/10888\/revisions\/10891"}],"wp:featuredmedia":[{"embeddable":true,"href":"https:\/\/infozamoraec.com\/index.php\/wp-json\/wp\/v2\/media\/10889"}],"wp:attachment":[{"href":"https:\/\/infozamoraec.com\/index.php\/wp-json\/wp\/v2\/media?parent=10888"}],"wp:term":[{"taxonomy":"category","embeddable":true,"href":"https:\/\/infozamoraec.com\/index.php\/wp-json\/wp\/v2\/categories?post=10888"},{"taxonomy":"post_tag","embeddable":true,"href":"https:\/\/infozamoraec.com\/index.php\/wp-json\/wp\/v2\/tags?post=10888"}],"curies":[{"name":"wp","href":"https:\/\/api.w.org\/{rel}","templated":true}]}}