{"id":10835,"date":"2025-03-20T02:34:49","date_gmt":"2025-03-20T02:34:49","guid":{"rendered":"https:\/\/infozamoraec.com\/?p=10835"},"modified":"2025-03-20T02:34:49","modified_gmt":"2025-03-20T02:34:49","slug":"construccion-del-mercado-centro-comercial-las-orquideas-de-el-pangui-ya-cuenta-con-financiamiento","status":"publish","type":"post","link":"https:\/\/infozamoraec.com\/index.php\/2025\/03\/20\/construccion-del-mercado-centro-comercial-las-orquideas-de-el-pangui-ya-cuenta-con-financiamiento\/","title":{"rendered":"Construcci\u00f3n del mercado centro comercial \u00abLas Orqu\u00eddeas\u00bb de  El Pangui ya cuenta con financiamiento"},"content":{"rendered":"<p>En un paso significativo para el desarrollo del cant\u00f3n El Pangui, hoy se llev\u00f3 a cabo la firma del convenio de transferencia de recursos del Fondo Com\u00fan de la Secretar\u00eda T\u00e9cnica Amaz\u00f3nica, que permitir\u00e1 la ejecuci\u00f3n del proyecto \u00abConstrucci\u00f3n del Mercado Centro Comercial Las Orqu\u00eddeas\u00bb.<\/p>\n<p>El acto, desarrollado hoy en la ciudad de Zamora, cont\u00f3 con la presencia especial del ministro de la Amazon\u00eda, Luis Hualcapi; ministro de Gobierno, Jos\u00e9 De La Gasca; el alcalde de El Pangui, Jairo Herrera y m\u00e1s autoridades provinciales.<\/p>\n<p>La acertada gesti\u00f3n del burgomaestre para esta obra garantiza una inversi\u00f3n no reembolsable de USD 2&#8217;935,173.34, monto que cubre el 100% del costo de la obra civil.<\/p>\n<p>El alcalde Jairo Herrera destac\u00f3 la importancia de esta obra para el desarrollo del cant\u00f3n y reafirm\u00f3 su compromiso con la gesti\u00f3n eficiente de los recursos amaz\u00f3nicos \u00abgracias a la buena voluntad del presidente Daniel Noboa logramos concretar esta inversi\u00f3n que traer\u00e1 m\u00faltiples beneficios a nuestro cant\u00f3n: dinamizar\u00e1 la econom\u00eda local, generar\u00e1 empleo y brindar\u00e1 un espacio moderno y adecuado para nuestros comerciantes y emprendedores\u00bb, expres\u00f3 la autoridad.<\/p>\n<p>Por su parte, el ministro de Gobierno Jos\u00e9 de la Gasca resalt\u00f3 el trabajo conjunto entre el Gobierno Nacional y los Gobiernos Aut\u00f3nomos Descentralizados para fortalecer la inversi\u00f3n en la regi\u00f3n, enfatiz\u00f3 tambi\u00e9n el compromiso del presidente Daniel Noboa con el pueblo zamorano chinchipense, \u201ccon esta visi\u00f3n garantizamos el crecimiento econ\u00f3mico de El Pangui y fomentamos el bienestar de su gente\u00bb, manifest\u00f3 el ministro.<\/p>\n<p>Con esta obra, el cant\u00f3n El Pangui avanza en la consolidaci\u00f3n de una infraestructura adecuada para su crecimiento y bienestar, cumpliendo as\u00ed con los compromisos de la administraci\u00f3n municipal.<\/p>\n","protected":false},"excerpt":{"rendered":"<p>En un paso significativo para el desarrollo del cant\u00f3n El Pangui, hoy se llev\u00f3 a cabo la firma del convenio de transferencia de recursos del Fondo Com\u00fan de la Secretar\u00eda T\u00e9cnica Amaz\u00f3nica, que permitir\u00e1 la ejecuci\u00f3n del proyecto \u00abConstrucci\u00f3n del Mercado Centro Comercial Las Orqu\u00eddeas\u00bb. El acto, desarrollado hoy en la ciudad de Zamora, cont\u00f3 [&hellip;]<\/p>\n","protected":false},"author":1,"featured_media":10836,"comment_status":"open","ping_status":"open","sticky":false,"template":"","format":"standard","meta":{"footnotes":""},"categories":[9],"tags":[],"_links":{"self":[{"href":"https:\/\/infozamoraec.com\/index.php\/wp-json\/wp\/v2\/posts\/10835"}],"collection":[{"href":"https:\/\/infozamoraec.com\/index.php\/wp-json\/wp\/v2\/posts"}],"about":[{"href":"https:\/\/infozamoraec.com\/index.php\/wp-json\/wp\/v2\/types\/post"}],"author":[{"embeddable":true,"href":"https:\/\/infozamoraec.com\/index.php\/wp-json\/wp\/v2\/users\/1"}],"replies":[{"embeddable":true,"href":"https:\/\/infozamoraec.com\/index.php\/wp-json\/wp\/v2\/comments?post=10835"}],"version-history":[{"count":1,"href":"https:\/\/infozamoraec.com\/index.php\/wp-json\/wp\/v2\/posts\/10835\/revisions"}],"predecessor-version":[{"id":10837,"href":"https:\/\/infozamoraec.com\/index.php\/wp-json\/wp\/v2\/posts\/10835\/revisions\/10837"}],"wp:featuredmedia":[{"embeddable":true,"href":"https:\/\/infozamoraec.com\/index.php\/wp-json\/wp\/v2\/media\/10836"}],"wp:attachment":[{"href":"https:\/\/infozamoraec.com\/index.php\/wp-json\/wp\/v2\/media?parent=10835"}],"wp:term":[{"taxonomy":"category","embeddable":true,"href":"https:\/\/infozamoraec.com\/index.php\/wp-json\/wp\/v2\/categories?post=10835"},{"taxonomy":"post_tag","embeddable":true,"href":"https:\/\/infozamoraec.com\/index.php\/wp-json\/wp\/v2\/tags?post=10835"}],"curies":[{"name":"wp","href":"https:\/\/api.w.org\/{rel}","templated":true}]}}